{"id":853,"date":"2017-02-25T08:17:09","date_gmt":"2017-02-25T08:17:09","guid":{"rendered":"http:\/\/www.estudioshistoricos.com\/?p=853"},"modified":"2017-02-25T08:17:09","modified_gmt":"2017-02-25T08:17:09","slug":"ma-josefa-sanz-academica-de-numero-de-la-academia-xacobea","status":"publish","type":"post","link":"https:\/\/www.estudioshistoricos.com\/?p=853","title":{"rendered":"M\u00aa Josefa Sanz, acad\u00e9mica de n\u00famero de la Academia Xacobea"},"content":{"rendered":"<p>M\u00aa Josefa Sanz, miembro de nuestra asociaci\u00f3n y catedr\u00e1tica de la Universidad de Oviedo,\u00a0fue investida acad\u00e9mica de n\u00famero de la Academia Xacobea.<\/p>\n<p>Podreis encontrar mas informaci\u00f3n en <a href=\"http:\/\/www.farodevigo.es\/portada-deza-tabeiros-montes\/2017\/02\/25\/academia-xacobea-crece\/1630240.html#\" target=\"_blank\">el enlace a la noticia<\/a>.<\/p>\n<p><a href=\"http:\/\/www.estudioshistoricos.com\/wp-content\/uploads\/2017\/02\/noticia_farodevigo.jpeg\"><img loading=\"lazy\" decoding=\"async\" class=\"aligncenter size-full wp-image-854\" src=\"http:\/\/www.estudioshistoricos.com\/wp-content\/uploads\/2017\/02\/noticia_farodevigo.jpeg\" alt=\"\" width=\"690\" height=\"412\" srcset=\"https:\/\/www.estudioshistoricos.com\/wp-content\/uploads\/2017\/02\/noticia_farodevigo.jpeg 690w, https:\/\/www.estudioshistoricos.com\/wp-content\/uploads\/2017\/02\/noticia_farodevigo-300x179.jpeg 300w\" sizes=\"auto, (max-width: 690px) 100vw, 690px\" \/><\/a><\/p>\n","protected":false},"excerpt":{"rendered":"<p>M\u00aa Josefa Sanz, miembro de nuestra asociaci\u00f3n y catedr\u00e1tica de la Universidad de Oviedo,\u00a0fue investida acad\u00e9mica de n\u00famero de la Academia Xacobea. Podreis encontrar mas informaci\u00f3n en el enlace a la noticia.<\/p>\n","protected":false},"author":1,"featured_media":0,"comment_status":"closed","ping_status":"closed","sticky":false,"template":"","format":"standard","meta":{"footnotes":""},"categories":[2],"tags":[],"class_list":["post-853","post","type-post","status-publish","format-standard","hentry","category-noticias"],"_links":{"self":[{"href":"https:\/\/www.estudioshistoricos.com\/index.php?rest_route=\/wp\/v2\/posts\/853","targetHints":{"allow":["GET"]}}],"collection":[{"href":"https:\/\/www.estudioshistoricos.com\/index.php?rest_route=\/wp\/v2\/posts"}],"about":[{"href":"https:\/\/www.estudioshistoricos.com\/index.php?rest_route=\/wp\/v2\/types\/post"}],"author":[{"embeddable":true,"href":"https:\/\/www.estudioshistoricos.com\/index.php?rest_route=\/wp\/v2\/users\/1"}],"replies":[{"embeddable":true,"href":"https:\/\/www.estudioshistoricos.com\/index.php?rest_route=%2Fwp%2Fv2%2Fcomments&post=853"}],"version-history":[{"count":1,"href":"https:\/\/www.estudioshistoricos.com\/index.php?rest_route=\/wp\/v2\/posts\/853\/revisions"}],"predecessor-version":[{"id":855,"href":"https:\/\/www.estudioshistoricos.com\/index.php?rest_route=\/wp\/v2\/posts\/853\/revisions\/855"}],"wp:attachment":[{"href":"https:\/\/www.estudioshistoricos.com\/index.php?rest_route=%2Fwp%2Fv2%2Fmedia&parent=853"}],"wp:term":[{"taxonomy":"category","embeddable":true,"href":"https:\/\/www.estudioshistoricos.com\/index.php?rest_route=%2Fwp%2Fv2%2Fcategories&post=853"},{"taxonomy":"post_tag","embeddable":true,"href":"https:\/\/www.estudioshistoricos.com\/index.php?rest_route=%2Fwp%2Fv2%2Ftags&post=853"}],"curies":[{"name":"wp","href":"https:\/\/api.w.org\/{rel}","templated":true}]}}