{"id":668,"date":"2015-05-21T06:13:09","date_gmt":"2015-05-21T06:13:09","guid":{"rendered":"http:\/\/www.estudioshistoricos.com\/?p=668"},"modified":"2015-05-21T06:13:44","modified_gmt":"2015-05-21T06:13:44","slug":"reunion-junta-directiva-proximo-28-de-mayo","status":"publish","type":"post","link":"https:\/\/www.estudioshistoricos.com\/?p=668","title":{"rendered":"Reuni\u00f3n junta directiva pr\u00f3ximo 28 de mayo."},"content":{"rendered":"<p>Se informa que\u00a0el 2<strong>8 de Mayo\u00a0<\/strong><strong>del 2014<\/strong>,<strong>\u00a0a las 20H 30m<\/strong>.\u00a0en la sede de la Biblioteca Municipal de Estudios Locales,\u00a0sita en Dur\u00e1n Loriga 10-1\u00ba, La Coru\u00f1a, tendremos la Junta de la Directiva de la Asociaci\u00f3n Cultural de Estudios Hist\u00f3ricos de Galicia.<\/p>\n<p>Como siempre, cuantos m\u00e1s asociados vengan, mejor.<\/p>\n<p><a href=\"http:\/\/www.estudioshistoricos.com\/wp-content\/uploads\/2015\/05\/Orden_del_dia-28-5-2015.pdf\">Orden del dia 28-5-2015<\/a><\/p>\n","protected":false},"excerpt":{"rendered":"<p>Se informa que\u00a0el 28 de Mayo\u00a0del 2014,\u00a0a las 20H 30m.\u00a0en la sede de la Biblioteca Municipal de Estudios Locales,\u00a0sita en Dur\u00e1n Loriga 10-1\u00ba, La Coru\u00f1a, tendremos la Junta de la Directiva de la Asociaci\u00f3n Cultural de Estudios Hist\u00f3ricos de Galicia. Como siempre, cuantos m\u00e1s asociados vengan, mejor. Orden del dia 28-5-2015<\/p>\n","protected":false},"author":1,"featured_media":0,"comment_status":"closed","ping_status":"closed","sticky":false,"template":"","format":"standard","meta":{"footnotes":""},"categories":[2],"tags":[],"class_list":["post-668","post","type-post","status-publish","format-standard","hentry","category-noticias"],"_links":{"self":[{"href":"https:\/\/www.estudioshistoricos.com\/index.php?rest_route=\/wp\/v2\/posts\/668","targetHints":{"allow":["GET"]}}],"collection":[{"href":"https:\/\/www.estudioshistoricos.com\/index.php?rest_route=\/wp\/v2\/posts"}],"about":[{"href":"https:\/\/www.estudioshistoricos.com\/index.php?rest_route=\/wp\/v2\/types\/post"}],"author":[{"embeddable":true,"href":"https:\/\/www.estudioshistoricos.com\/index.php?rest_route=\/wp\/v2\/users\/1"}],"replies":[{"embeddable":true,"href":"https:\/\/www.estudioshistoricos.com\/index.php?rest_route=%2Fwp%2Fv2%2Fcomments&post=668"}],"version-history":[{"count":2,"href":"https:\/\/www.estudioshistoricos.com\/index.php?rest_route=\/wp\/v2\/posts\/668\/revisions"}],"predecessor-version":[{"id":671,"href":"https:\/\/www.estudioshistoricos.com\/index.php?rest_route=\/wp\/v2\/posts\/668\/revisions\/671"}],"wp:attachment":[{"href":"https:\/\/www.estudioshistoricos.com\/index.php?rest_route=%2Fwp%2Fv2%2Fmedia&parent=668"}],"wp:term":[{"taxonomy":"category","embeddable":true,"href":"https:\/\/www.estudioshistoricos.com\/index.php?rest_route=%2Fwp%2Fv2%2Fcategories&post=668"},{"taxonomy":"post_tag","embeddable":true,"href":"https:\/\/www.estudioshistoricos.com\/index.php?rest_route=%2Fwp%2Fv2%2Ftags&post=668"}],"curies":[{"name":"wp","href":"https:\/\/api.w.org\/{rel}","templated":true}]}}