{"id":577,"date":"2014-05-22T10:49:59","date_gmt":"2014-05-22T10:49:59","guid":{"rendered":"http:\/\/www.estudioshistoricos.com\/?p=577"},"modified":"2014-10-29T11:17:15","modified_gmt":"2014-10-29T11:17:15","slug":"excursion-cancelada","status":"publish","type":"post","link":"https:\/\/www.estudioshistoricos.com\/?p=577","title":{"rendered":"Excursi\u00f3n cancelada"},"content":{"rendered":"<p>Lamentamos comunicar que nos vemos obligados a anular la excursi\u00f3n programada a Orense para el pr\u00f3ximo s\u00e1bado, d\u00eda\u00a0<strong>24 de Mayo<\/strong>, por falta de asistentes.<\/p>\n","protected":false},"excerpt":{"rendered":"<p>Lamentamos comunicar que nos vemos obligados a anular la excursi\u00f3n programada a Orense para el pr\u00f3ximo s\u00e1bado, d\u00eda\u00a024 de Mayo, por falta de asistentes.<\/p>\n","protected":false},"author":1,"featured_media":0,"comment_status":"closed","ping_status":"closed","sticky":false,"template":"","format":"standard","meta":{"footnotes":""},"categories":[2],"tags":[],"class_list":["post-577","post","type-post","status-publish","format-standard","hentry","category-noticias"],"_links":{"self":[{"href":"https:\/\/www.estudioshistoricos.com\/index.php?rest_route=\/wp\/v2\/posts\/577","targetHints":{"allow":["GET"]}}],"collection":[{"href":"https:\/\/www.estudioshistoricos.com\/index.php?rest_route=\/wp\/v2\/posts"}],"about":[{"href":"https:\/\/www.estudioshistoricos.com\/index.php?rest_route=\/wp\/v2\/types\/post"}],"author":[{"embeddable":true,"href":"https:\/\/www.estudioshistoricos.com\/index.php?rest_route=\/wp\/v2\/users\/1"}],"replies":[{"embeddable":true,"href":"https:\/\/www.estudioshistoricos.com\/index.php?rest_route=%2Fwp%2Fv2%2Fcomments&post=577"}],"version-history":[{"count":1,"href":"https:\/\/www.estudioshistoricos.com\/index.php?rest_route=\/wp\/v2\/posts\/577\/revisions"}],"predecessor-version":[{"id":578,"href":"https:\/\/www.estudioshistoricos.com\/index.php?rest_route=\/wp\/v2\/posts\/577\/revisions\/578"}],"wp:attachment":[{"href":"https:\/\/www.estudioshistoricos.com\/index.php?rest_route=%2Fwp%2Fv2%2Fmedia&parent=577"}],"wp:term":[{"taxonomy":"category","embeddable":true,"href":"https:\/\/www.estudioshistoricos.com\/index.php?rest_route=%2Fwp%2Fv2%2Fcategories&post=577"},{"taxonomy":"post_tag","embeddable":true,"href":"https:\/\/www.estudioshistoricos.com\/index.php?rest_route=%2Fwp%2Fv2%2Ftags&post=577"}],"curies":[{"name":"wp","href":"https:\/\/api.w.org\/{rel}","templated":true}]}}