{"id":368,"date":"2011-12-31T07:38:59","date_gmt":"2011-12-31T07:38:59","guid":{"rendered":"http:\/\/www.estudioshistoricos.com\/?p=368"},"modified":"2014-10-28T07:50:42","modified_gmt":"2014-10-28T07:50:42","slug":"18-de-diciembre-del-2011","status":"publish","type":"post","link":"https:\/\/www.estudioshistoricos.com\/?p=368","title":{"rendered":"18 de diciembre del 2011"},"content":{"rendered":"<p>Como es habitual por estas fechas,\u00a0<strong>el pr\u00f3ximo d\u00eda 18 de diciembre<\/strong>, domingo, tenemos prevista la tradicional\u00a0<strong>comida de Navidad<\/strong>\u00a0de la Asociaci\u00f3n Cultural de Estudios Hist\u00f3ricos de Galicia.<br \/>\nLa fecha est\u00e1 condicionada por el calendario de este a\u00f1o, pues todas las comidas se concentran en los d\u00edas 16, 17 y 18, y la disponibilidad de locales es muy reducida.<\/p>\n<p><strong>La hora ser\u00e1 a las 14H 30m<\/strong>, y el lugar, en el<strong>\u00a0restaurante del Casino de La Coru\u00f1a<\/strong>, en su 9\u00aa planta, en la calle Real, al igual que otros a\u00f1os.<br \/>\nDadas las dificultades para las reservas que tienen estos actos en estas fechas,\u00a0<strong>deseamos saber cuanto antes el n\u00famero de asistentes<\/strong>, poniendo como fecha tope para inscribirse el jueves, 15 de diciembre 2011.<\/p>\n<p>Cualquier consulta pod\u00e9is hacerla v\u00eda e-mail o llamada telef\u00f3nica a\u00a0Ana Fern\u00e1ndez Matar\u00e1n\u00a0o a\u00a0Jose Luis L\u00f3pez Sangil\u00a0, pudiendo confirmar vuestra asistencia o no asistencia a estos mismos tel\u00e9fonos o mails.<\/p>\n<p>A todos unas<strong>\u00a0felices Navidades y A\u00f1o Nuevo<\/strong>, y que el futuro sea satisfactorio en nuestras vidas y en las actividades de nuestra Asociaci\u00f3n.<\/p>\n","protected":false},"excerpt":{"rendered":"<p>Como es habitual por estas fechas,\u00a0el pr\u00f3ximo d\u00eda 18 de diciembre, domingo, tenemos prevista la tradicional\u00a0comida de Navidad\u00a0de la Asociaci\u00f3n Cultural de Estudios Hist\u00f3ricos de Galicia. La fecha est\u00e1 condicionada por el calendario de este a\u00f1o, pues todas las comidas se concentran en los d\u00edas 16, 17 y 18, y la disponibilidad de locales es &hellip; <a href=\"https:\/\/www.estudioshistoricos.com\/?p=368\">Continue reading <span class=\"meta-nav\">&rarr;<\/span><\/a><\/p>\n","protected":false},"author":1,"featured_media":0,"comment_status":"closed","ping_status":"closed","sticky":false,"template":"","format":"standard","meta":{"footnotes":""},"categories":[3],"tags":[],"class_list":["post-368","post","type-post","status-publish","format-standard","hentry","category-actividades"],"_links":{"self":[{"href":"https:\/\/www.estudioshistoricos.com\/index.php?rest_route=\/wp\/v2\/posts\/368","targetHints":{"allow":["GET"]}}],"collection":[{"href":"https:\/\/www.estudioshistoricos.com\/index.php?rest_route=\/wp\/v2\/posts"}],"about":[{"href":"https:\/\/www.estudioshistoricos.com\/index.php?rest_route=\/wp\/v2\/types\/post"}],"author":[{"embeddable":true,"href":"https:\/\/www.estudioshistoricos.com\/index.php?rest_route=\/wp\/v2\/users\/1"}],"replies":[{"embeddable":true,"href":"https:\/\/www.estudioshistoricos.com\/index.php?rest_route=%2Fwp%2Fv2%2Fcomments&post=368"}],"version-history":[{"count":1,"href":"https:\/\/www.estudioshistoricos.com\/index.php?rest_route=\/wp\/v2\/posts\/368\/revisions"}],"predecessor-version":[{"id":369,"href":"https:\/\/www.estudioshistoricos.com\/index.php?rest_route=\/wp\/v2\/posts\/368\/revisions\/369"}],"wp:attachment":[{"href":"https:\/\/www.estudioshistoricos.com\/index.php?rest_route=%2Fwp%2Fv2%2Fmedia&parent=368"}],"wp:term":[{"taxonomy":"category","embeddable":true,"href":"https:\/\/www.estudioshistoricos.com\/index.php?rest_route=%2Fwp%2Fv2%2Fcategories&post=368"},{"taxonomy":"post_tag","embeddable":true,"href":"https:\/\/www.estudioshistoricos.com\/index.php?rest_route=%2Fwp%2Fv2%2Ftags&post=368"}],"curies":[{"name":"wp","href":"https:\/\/api.w.org\/{rel}","templated":true}]}}