{"id":321,"date":"2010-03-13T07:30:30","date_gmt":"2010-03-13T07:30:30","guid":{"rendered":"http:\/\/www.estudioshistoricos.com\/?p=321"},"modified":"2014-10-28T11:29:39","modified_gmt":"2014-10-28T11:29:39","slug":"13-de-marzo-del-2010","status":"publish","type":"post","link":"https:\/\/www.estudioshistoricos.com\/?p=321","title":{"rendered":"13 de marzo del 2010"},"content":{"rendered":"<p>El pasado\u00a0<strong>13 de Marzo del 2010<\/strong>, efectuamos una interesante excursi\u00f3n a la<strong>\u00a0ciudad de Santiago<\/strong>, para visitar tres importantes joyas monumentales:<\/p>\n<ul>\n<li>La primera, a las 10H 30m, fue el\u00a0<strong>P\u00f3rtico de la Gloria de la catedral de Santiago<\/strong>, en proyecto de restauraci\u00f3n, pudiendo visitar las figuras m\u00e1s importantes subidos al andamio, lo cual nos permiti\u00f3 ver de frente la calidad de las tallas y tambi\u00e9n su mal estado de conservaci\u00f3n. El n\u00famero de visitantes fue estrictamente limitado, dos grupos de 10, lo que produjo alg\u00fan disgusto.<\/li>\n<li>A continuaci\u00f3n recorrimos el interior del edificio del\u00a0<strong>monasterio de San Mart\u00edn Pinario<\/strong>, el segundo en Espa\u00f1a en superficie construida, despu\u00e9s del Escorial, con 22.000 m2, pudiendo ver con detalle los dos claustros principales, comedores, los dos patios, escaleras, etc.<\/li>\n<li>La comida, en un restaurante t\u00edpico santiagu\u00e9s fue variada y buena.<\/li>\n<li>Por la tarde fuimos a visitar la\u00a0<strong>Colegiata del Sar<\/strong>, claustro, iglesia y museo. El lateral del claustro rom\u00e1nico que se conserva es impresionante. La iglesia fue objeto de los t\u00edpicos comentarios e interpretaciones sobre la inclinaci\u00f3n de sus columnas.<\/li>\n<\/ul>\n<p>En fin, un d\u00eda completo, con n\u00fameros asistencia de asociados, y un tiempo invernal.<\/p>\n<p><!--more--><\/p>\n\n\t\t<style type=\"text\/css\">\n\t\t\t#gallery-1 {\n\t\t\t\tmargin: auto;\n\t\t\t}\n\t\t\t#gallery-1 .gallery-item {\n\t\t\t\tfloat: left;\n\t\t\t\tmargin-top: 10px;\n\t\t\t\ttext-align: center;\n\t\t\t\twidth: 20%;\n\t\t\t}\n\t\t\t#gallery-1 img {\n\t\t\t\tborder: 2px solid #cfcfcf;\n\t\t\t}\n\t\t\t#gallery-1 .gallery-caption {\n\t\t\t\tmargin-left: 0;\n\t\t\t}\n\t\t\t\/* see gallery_shortcode() in wp-includes\/media.php *\/\n\t\t<\/style>\n\t\t<div id='gallery-1' class='gallery galleryid-321 gallery-columns-5 gallery-size-thumbnail'><dl class='gallery-item'>\n\t\t\t<dt class='gallery-icon landscape'>\n\t\t\t\t<a href='https:\/\/www.estudioshistoricos.com\/wp-content\/uploads\/2014\/10\/13_3_10_f.jpg'><img loading=\"lazy\" decoding=\"async\" width=\"150\" height=\"150\" src=\"https:\/\/www.estudioshistoricos.com\/wp-content\/uploads\/2014\/10\/13_3_10_f-150x150.jpg\" class=\"attachment-thumbnail size-thumbnail\" alt=\"\" \/><\/a>\n\t\t\t<\/dt><\/dl><dl class='gallery-item'>\n\t\t\t<dt class='gallery-icon landscape'>\n\t\t\t\t<a href='https:\/\/www.estudioshistoricos.com\/wp-content\/uploads\/2014\/10\/13_3_10_e.jpg'><img loading=\"lazy\" decoding=\"async\" width=\"150\" height=\"150\" src=\"https:\/\/www.estudioshistoricos.com\/wp-content\/uploads\/2014\/10\/13_3_10_e-150x150.jpg\" class=\"attachment-thumbnail size-thumbnail\" alt=\"\" \/><\/a>\n\t\t\t<\/dt><\/dl><dl class='gallery-item'>\n\t\t\t<dt class='gallery-icon landscape'>\n\t\t\t\t<a href='https:\/\/www.estudioshistoricos.com\/wp-content\/uploads\/2014\/10\/13_3_10_d.jpg'><img loading=\"lazy\" decoding=\"async\" width=\"150\" height=\"150\" src=\"https:\/\/www.estudioshistoricos.com\/wp-content\/uploads\/2014\/10\/13_3_10_d-150x150.jpg\" class=\"attachment-thumbnail size-thumbnail\" alt=\"\" \/><\/a>\n\t\t\t<\/dt><\/dl><dl class='gallery-item'>\n\t\t\t<dt class='gallery-icon landscape'>\n\t\t\t\t<a href='https:\/\/www.estudioshistoricos.com\/wp-content\/uploads\/2014\/10\/13_3_10_c.jpg'><img loading=\"lazy\" decoding=\"async\" width=\"150\" height=\"150\" src=\"https:\/\/www.estudioshistoricos.com\/wp-content\/uploads\/2014\/10\/13_3_10_c-150x150.jpg\" class=\"attachment-thumbnail size-thumbnail\" alt=\"\" \/><\/a>\n\t\t\t<\/dt><\/dl><dl class='gallery-item'>\n\t\t\t<dt class='gallery-icon landscape'>\n\t\t\t\t<a href='https:\/\/www.estudioshistoricos.com\/wp-content\/uploads\/2014\/10\/13_3_10_b.jpg'><img loading=\"lazy\" decoding=\"async\" width=\"150\" height=\"150\" src=\"https:\/\/www.estudioshistoricos.com\/wp-content\/uploads\/2014\/10\/13_3_10_b-150x150.jpg\" class=\"attachment-thumbnail size-thumbnail\" alt=\"\" \/><\/a>\n\t\t\t<\/dt><\/dl><br style=\"clear: both\" \/><dl class='gallery-item'>\n\t\t\t<dt class='gallery-icon landscape'>\n\t\t\t\t<a href='https:\/\/www.estudioshistoricos.com\/wp-content\/uploads\/2014\/10\/13_3_10_a.jpg'><img loading=\"lazy\" decoding=\"async\" width=\"150\" height=\"150\" src=\"https:\/\/www.estudioshistoricos.com\/wp-content\/uploads\/2014\/10\/13_3_10_a-150x150.jpg\" class=\"attachment-thumbnail size-thumbnail\" alt=\"\" \/><\/a>\n\t\t\t<\/dt><\/dl><dl class='gallery-item'>\n\t\t\t<dt class='gallery-icon landscape'>\n\t\t\t\t<a href='https:\/\/www.estudioshistoricos.com\/wp-content\/uploads\/2014\/10\/13_3_10_g.jpg'><img loading=\"lazy\" decoding=\"async\" width=\"150\" height=\"150\" src=\"https:\/\/www.estudioshistoricos.com\/wp-content\/uploads\/2014\/10\/13_3_10_g-150x150.jpg\" class=\"attachment-thumbnail size-thumbnail\" alt=\"\" \/><\/a>\n\t\t\t<\/dt><\/dl><dl class='gallery-item'>\n\t\t\t<dt class='gallery-icon landscape'>\n\t\t\t\t<a href='https:\/\/www.estudioshistoricos.com\/wp-content\/uploads\/2014\/10\/13_3_10_h.jpg'><img loading=\"lazy\" decoding=\"async\" width=\"150\" height=\"150\" src=\"https:\/\/www.estudioshistoricos.com\/wp-content\/uploads\/2014\/10\/13_3_10_h-150x150.jpg\" class=\"attachment-thumbnail size-thumbnail\" alt=\"\" \/><\/a>\n\t\t\t<\/dt><\/dl>\n\t\t\t<br style='clear: both' \/>\n\t\t<\/div>\n\n","protected":false},"excerpt":{"rendered":"<p>El pasado\u00a013 de Marzo del 2010, efectuamos una interesante excursi\u00f3n a la\u00a0ciudad de Santiago, para visitar tres importantes joyas monumentales: La primera, a las 10H 30m, fue el\u00a0P\u00f3rtico de la Gloria de la catedral de Santiago, en proyecto de restauraci\u00f3n, pudiendo visitar las figuras m\u00e1s importantes subidos al andamio, lo cual nos permiti\u00f3 ver de &hellip; <a href=\"https:\/\/www.estudioshistoricos.com\/?p=321\">Continue reading <span class=\"meta-nav\">&rarr;<\/span><\/a><\/p>\n","protected":false},"author":1,"featured_media":322,"comment_status":"closed","ping_status":"closed","sticky":false,"template":"","format":"standard","meta":{"footnotes":""},"categories":[3],"tags":[],"class_list":["post-321","post","type-post","status-publish","format-standard","has-post-thumbnail","hentry","category-actividades"],"_links":{"self":[{"href":"https:\/\/www.estudioshistoricos.com\/index.php?rest_route=\/wp\/v2\/posts\/321","targetHints":{"allow":["GET"]}}],"collection":[{"href":"https:\/\/www.estudioshistoricos.com\/index.php?rest_route=\/wp\/v2\/posts"}],"about":[{"href":"https:\/\/www.estudioshistoricos.com\/index.php?rest_route=\/wp\/v2\/types\/post"}],"author":[{"embeddable":true,"href":"https:\/\/www.estudioshistoricos.com\/index.php?rest_route=\/wp\/v2\/users\/1"}],"replies":[{"embeddable":true,"href":"https:\/\/www.estudioshistoricos.com\/index.php?rest_route=%2Fwp%2Fv2%2Fcomments&post=321"}],"version-history":[{"count":2,"href":"https:\/\/www.estudioshistoricos.com\/index.php?rest_route=\/wp\/v2\/posts\/321\/revisions"}],"predecessor-version":[{"id":399,"href":"https:\/\/www.estudioshistoricos.com\/index.php?rest_route=\/wp\/v2\/posts\/321\/revisions\/399"}],"wp:featuredmedia":[{"embeddable":true,"href":"https:\/\/www.estudioshistoricos.com\/index.php?rest_route=\/wp\/v2\/media\/322"}],"wp:attachment":[{"href":"https:\/\/www.estudioshistoricos.com\/index.php?rest_route=%2Fwp%2Fv2%2Fmedia&parent=321"}],"wp:term":[{"taxonomy":"category","embeddable":true,"href":"https:\/\/www.estudioshistoricos.com\/index.php?rest_route=%2Fwp%2Fv2%2Fcategories&post=321"},{"taxonomy":"post_tag","embeddable":true,"href":"https:\/\/www.estudioshistoricos.com\/index.php?rest_route=%2Fwp%2Fv2%2Ftags&post=321"}],"curies":[{"name":"wp","href":"https:\/\/api.w.org\/{rel}","templated":true}]}}