{"id":311,"date":"2009-09-26T07:27:46","date_gmt":"2009-09-26T07:27:46","guid":{"rendered":"http:\/\/www.estudioshistoricos.com\/?p=311"},"modified":"2014-10-28T11:30:17","modified_gmt":"2014-10-28T11:30:17","slug":"26-de-septiembre-del-2009","status":"publish","type":"post","link":"https:\/\/www.estudioshistoricos.com\/?p=311","title":{"rendered":"26 de septiembre del 2009"},"content":{"rendered":"<p>El<strong>\u00a026 de septiembre del 2009<\/strong>\u00a0se celebr\u00f3 la excursi\u00f3n al norte de la provincia de Lugo, visitando por la ma\u00f1ana el\u00a0<strong>monasterio de san Salvador de Villanueva de Lorenzana<\/strong>\u00a0y su museo sacro. Muy buena impresi\u00f3n de todos los asistentes. La comida, excelente, en el mismo pueblo, y sin faltar las tradicionales habas. Por la tarde fuimos a la antigua\u00a0<strong>catedral de san Mart\u00edn de Mondo\u00f1edo<\/strong>, una de las m\u00e1s bellas iglesias prerrom\u00e1nicas de Galicia.<\/p>\n<p>A continuaci\u00f3n recorrimos el\u00a0<strong>Valle de Oro<\/strong>,\u00a0<strong>Valadouro<\/strong>, visitando el castillo de\u00a0<strong>Pardo de Cela en Alfoz<\/strong>, y la\u00a0<strong>Finca Galea<\/strong>, una maravilla de paisajes y sistemas acu\u00e1ticos. El tiempo fue bueno y la asistencia de 15 asociados a los que les encant\u00f3 la excursi\u00f3n.<\/p>\n<p><!--more--><\/p>\n\n\t\t<style type=\"text\/css\">\n\t\t\t#gallery-1 {\n\t\t\t\tmargin: auto;\n\t\t\t}\n\t\t\t#gallery-1 .gallery-item {\n\t\t\t\tfloat: left;\n\t\t\t\tmargin-top: 10px;\n\t\t\t\ttext-align: center;\n\t\t\t\twidth: 20%;\n\t\t\t}\n\t\t\t#gallery-1 img {\n\t\t\t\tborder: 2px solid #cfcfcf;\n\t\t\t}\n\t\t\t#gallery-1 .gallery-caption {\n\t\t\t\tmargin-left: 0;\n\t\t\t}\n\t\t\t\/* see gallery_shortcode() in wp-includes\/media.php *\/\n\t\t<\/style>\n\t\t<div id='gallery-1' class='gallery galleryid-311 gallery-columns-5 gallery-size-thumbnail'><dl class='gallery-item'>\n\t\t\t<dt class='gallery-icon landscape'>\n\t\t\t\t<a href='https:\/\/www.estudioshistoricos.com\/wp-content\/uploads\/2014\/10\/26_9_09_a.jpg'><img loading=\"lazy\" decoding=\"async\" width=\"150\" height=\"150\" src=\"https:\/\/www.estudioshistoricos.com\/wp-content\/uploads\/2014\/10\/26_9_09_a-150x150.jpg\" class=\"attachment-thumbnail size-thumbnail\" alt=\"\" \/><\/a>\n\t\t\t<\/dt><\/dl><dl class='gallery-item'>\n\t\t\t<dt class='gallery-icon landscape'>\n\t\t\t\t<a href='https:\/\/www.estudioshistoricos.com\/wp-content\/uploads\/2014\/10\/26_9_09_b.jpg'><img loading=\"lazy\" decoding=\"async\" width=\"150\" height=\"150\" src=\"https:\/\/www.estudioshistoricos.com\/wp-content\/uploads\/2014\/10\/26_9_09_b-150x150.jpg\" class=\"attachment-thumbnail size-thumbnail\" alt=\"\" \/><\/a>\n\t\t\t<\/dt><\/dl><dl class='gallery-item'>\n\t\t\t<dt class='gallery-icon landscape'>\n\t\t\t\t<a href='https:\/\/www.estudioshistoricos.com\/wp-content\/uploads\/2014\/10\/26_9_09_c.jpg'><img loading=\"lazy\" decoding=\"async\" width=\"150\" height=\"150\" src=\"https:\/\/www.estudioshistoricos.com\/wp-content\/uploads\/2014\/10\/26_9_09_c-150x150.jpg\" class=\"attachment-thumbnail size-thumbnail\" alt=\"\" \/><\/a>\n\t\t\t<\/dt><\/dl>\n\t\t\t<br style='clear: both' \/>\n\t\t<\/div>\n\n","protected":false},"excerpt":{"rendered":"<p>El\u00a026 de septiembre del 2009\u00a0se celebr\u00f3 la excursi\u00f3n al norte de la provincia de Lugo, visitando por la ma\u00f1ana el\u00a0monasterio de san Salvador de Villanueva de Lorenzana\u00a0y su museo sacro. Muy buena impresi\u00f3n de todos los asistentes. La comida, excelente, en el mismo pueblo, y sin faltar las tradicionales habas. Por la tarde fuimos a &hellip; <a href=\"https:\/\/www.estudioshistoricos.com\/?p=311\">Continue reading <span class=\"meta-nav\">&rarr;<\/span><\/a><\/p>\n","protected":false},"author":1,"featured_media":313,"comment_status":"closed","ping_status":"closed","sticky":false,"template":"","format":"standard","meta":{"footnotes":""},"categories":[3],"tags":[],"class_list":["post-311","post","type-post","status-publish","format-standard","has-post-thumbnail","hentry","category-actividades"],"_links":{"self":[{"href":"https:\/\/www.estudioshistoricos.com\/index.php?rest_route=\/wp\/v2\/posts\/311","targetHints":{"allow":["GET"]}}],"collection":[{"href":"https:\/\/www.estudioshistoricos.com\/index.php?rest_route=\/wp\/v2\/posts"}],"about":[{"href":"https:\/\/www.estudioshistoricos.com\/index.php?rest_route=\/wp\/v2\/types\/post"}],"author":[{"embeddable":true,"href":"https:\/\/www.estudioshistoricos.com\/index.php?rest_route=\/wp\/v2\/users\/1"}],"replies":[{"embeddable":true,"href":"https:\/\/www.estudioshistoricos.com\/index.php?rest_route=%2Fwp%2Fv2%2Fcomments&post=311"}],"version-history":[{"count":2,"href":"https:\/\/www.estudioshistoricos.com\/index.php?rest_route=\/wp\/v2\/posts\/311\/revisions"}],"predecessor-version":[{"id":401,"href":"https:\/\/www.estudioshistoricos.com\/index.php?rest_route=\/wp\/v2\/posts\/311\/revisions\/401"}],"wp:featuredmedia":[{"embeddable":true,"href":"https:\/\/www.estudioshistoricos.com\/index.php?rest_route=\/wp\/v2\/media\/313"}],"wp:attachment":[{"href":"https:\/\/www.estudioshistoricos.com\/index.php?rest_route=%2Fwp%2Fv2%2Fmedia&parent=311"}],"wp:term":[{"taxonomy":"category","embeddable":true,"href":"https:\/\/www.estudioshistoricos.com\/index.php?rest_route=%2Fwp%2Fv2%2Fcategories&post=311"},{"taxonomy":"post_tag","embeddable":true,"href":"https:\/\/www.estudioshistoricos.com\/index.php?rest_route=%2Fwp%2Fv2%2Ftags&post=311"}],"curies":[{"name":"wp","href":"https:\/\/api.w.org\/{rel}","templated":true}]}}