{"id":2731,"date":"2026-01-20T09:12:31","date_gmt":"2026-01-20T09:12:31","guid":{"rendered":"https:\/\/www.estudioshistoricos.com\/?p=2731"},"modified":"2026-01-20T10:05:44","modified_gmt":"2026-01-20T10:05:44","slug":"nalgures-xxiv","status":"publish","type":"post","link":"https:\/\/www.estudioshistoricos.com\/?p=2731","title":{"rendered":"Nalgures XXIV"},"content":{"rendered":"\n<p>O pasado xoves, 15 de xaneiro, presentamos nas instalaci\u00f3ns do Sporting Club Casino da Coru\u00f1a a edici\u00f3n XXIV da publicaci\u00f3n <a href=\"https:\/\/www.estudioshistoricos.com\/?page_id=18\" data-type=\"page\" data-id=\"18\" target=\"_blank\" rel=\"noreferrer noopener\">Nalgures<\/a>, editada pola Asociaci\u00f3n de Estudios Hist\u00f3ricos de Galicia; e disfrutamos da interesante conferencia de <a href=\"https:\/\/www.estudioshistoricos.com\/?page_id=1264\" data-type=\"page\" data-id=\"1264\" target=\"_blank\" rel=\"noreferrer noopener\">Jos\u00e9 M. B\u00e9rtolo<\/a> titulada <strong>&#8220;Os alfol\u00eds do sal na vila de Laxe&#8221;<\/strong>.<\/p>\n\n\n\n<p>Este novo n\u00famero da revista chega as nosas mans un ano m\u00e1is tras superar ese simb\u00f3lico ecuador que sup\u00f3n o vinte aniversario da propia publicaci\u00f3n. Esa continuidade \u00e9 un feito relevante; unha admirable expresi\u00f3n desa vitalidade e robustez que ten en si mesmo como proxecto colectivo e como puntal das iniciativas da Asociaci\u00f3n Cultural de Estudios Hist\u00f3ricos de Galicia. A vocaci\u00f3n de rigor e o compromiso cos estudos culturais segue, deste xeito, presente outro ano m\u00e1is pola vontade dos seus socios.<\/p>\n\n\n\n<p>Neste n\u00famero que os lectores te\u00f1en entre mans, en algo mais de 350 p\u00e1xinas, hai nove artigos moi plurais que supo\u00f1en un percorrido de gran valor por variados aspectos hist\u00f3ricos de Galicia, un amplo n\u00famero de perspectivas de estudio e tem\u00e1ticas, desde este momento, dispo\u00f1ible para consulta e descarga <a href=\"http:\/\/www.estudioshistoricos.com\/wp-content\/uploads\/2026\/01\/nalgures_xxiv.pdf\" target=\"_blank\" rel=\"noreferrer noopener\">na nosa web<\/a>.<\/p>\n\n\n\n<div style=\"height:20px\" aria-hidden=\"true\" class=\"wp-block-spacer\"><\/div>\n\n\n\n<details class=\"wp-block-details is-layout-flow wp-block-details-is-layout-flow\"><summary><strong><code><i class=\"fa fa-book \" ><\/i><\/code><\/strong> <strong>\u00cdndice de contidos de Nalgures XXIV<\/strong><\/summary>\n<p><\/p>\n\n\n\n<ul class=\"wp-block-list\">\n<li>Arturo Abad Pardo:&nbsp;Noventa y seis pilas: la antigua provincia de A Coru\u00f1a. Su participaci\u00f3n en la Guerra de Sucesi\u00f3n. <\/li>\n\n\n\n<li>Cristina Barreiro Abu\u00edn: Las obras de Hernando dela Portilla y Gaspar de Arce para la di\u00f3cesis de Lugo. Aportaci\u00f3n documental y gr\u00e1fica.<\/li>\n\n\n\n<li><a href=\"https:\/\/www.estudioshistoricos.com\/?page_id=1264\" data-type=\"page\" data-id=\"1264\" target=\"_blank\" rel=\"noreferrer noopener\">Jos\u00e9 M. B\u00e9rtolo Ballesteros<\/a>:&nbsp;Os alfol\u00eds do sal na vila de Laxe.<\/li>\n\n\n\n<li>Luisa Danigo: Galicia despacha \u00abel socorro a Breta\u00f1a\u00bb por orden de Felipe II.<\/li>\n\n\n\n<li>Blais do R\u00edo Ca\u00f1ete: Novos personaxes na colecci\u00f3n de retratos do seminario de Santiago: Dionisio Fierros e os monxes misioneiros.<\/li>\n\n\n\n<li><a href=\"https:\/\/www.estudioshistoricos.com\/?page_id=2390\" data-type=\"page\" data-id=\"2390\" target=\"_blank\" rel=\"noreferrer noopener\">Javier Garc\u00eda G\u00f3mez<\/a>: O mosteiro de Santa Mar\u00eda de Cambre, epicentro das loitas polas rendas e dereitos eclesi\u00e1sticos entre os s\u00e9culos XV e XVI.<\/li>\n\n\n\n<li><a href=\"https:\/\/www.estudioshistoricos.com\/?page_id=522\" data-type=\"page\" data-id=\"522\" target=\"_blank\" rel=\"noreferrer noopener\">Rosario Mart\u00ednez Mart\u00ednez<\/a>: La implicaci\u00f3n de Sof\u00eda Casanova en la lucha antituberculosa de las primeras d\u00e9cadas del s. XX.<\/li>\n\n\n\n<li><a href=\"https:\/\/www.estudioshistoricos.com\/?page_id=480\" data-type=\"page\" data-id=\"480\" target=\"_blank\" rel=\"noreferrer noopener\">Carlos Pereira Mart\u00ednez<\/a>: O espiritismo na cidade de Pontevedra desde finais do s\u00e9culo XIX ata a Guerra Civil.<\/li>\n\n\n\n<li><a href=\"https:\/\/www.estudioshistoricos.com\/?page_id=487\" data-type=\"page\" data-id=\"487\" target=\"_blank\" rel=\"noreferrer noopener\">Ana Romero Masi\u00e1<\/a>: Un mercado coru\u00f1\u00e9s especializado: o dos allos de Malpica.<\/li>\n<\/ul>\n<\/details>\n\n\n\n<div style=\"height:20px\" aria-hidden=\"true\" class=\"wp-block-spacer\"><\/div>\n\n\n\n<figure class=\"wp-block-gallery has-nested-images columns-default is-cropped wp-block-gallery-1 is-layout-flex wp-block-gallery-is-layout-flex\">\n<figure class=\"wp-block-image size-large\"><a href=\"https:\/\/www.estudioshistoricos.com\/wp-content\/uploads\/2026\/01\/presentacion_nalgures_XXIV_01.jpeg\"><img loading=\"lazy\" decoding=\"async\" width=\"1024\" height=\"978\" data-id=\"2733\" src=\"https:\/\/www.estudioshistoricos.com\/wp-content\/uploads\/2026\/01\/presentacion_nalgures_XXIV_01-1024x978.jpeg\" alt=\"\" class=\"wp-image-2733\" srcset=\"https:\/\/www.estudioshistoricos.com\/wp-content\/uploads\/2026\/01\/presentacion_nalgures_XXIV_01-1024x978.jpeg 1024w, https:\/\/www.estudioshistoricos.com\/wp-content\/uploads\/2026\/01\/presentacion_nalgures_XXIV_01-300x287.jpeg 300w, https:\/\/www.estudioshistoricos.com\/wp-content\/uploads\/2026\/01\/presentacion_nalgures_XXIV_01-768x734.jpeg 768w, https:\/\/www.estudioshistoricos.com\/wp-content\/uploads\/2026\/01\/presentacion_nalgures_XXIV_01.jpeg 1280w\" sizes=\"auto, (max-width: 1024px) 100vw, 1024px\" \/><\/a><\/figure>\n\n\n\n<figure class=\"wp-block-image size-large\"><a href=\"https:\/\/www.estudioshistoricos.com\/wp-content\/uploads\/2026\/01\/presentacion_nalgures_XXIV_02.jpeg\"><img loading=\"lazy\" decoding=\"async\" width=\"1024\" height=\"759\" data-id=\"2734\" src=\"https:\/\/www.estudioshistoricos.com\/wp-content\/uploads\/2026\/01\/presentacion_nalgures_XXIV_02-1024x759.jpeg\" alt=\"\" class=\"wp-image-2734\" srcset=\"https:\/\/www.estudioshistoricos.com\/wp-content\/uploads\/2026\/01\/presentacion_nalgures_XXIV_02-1024x759.jpeg 1024w, https:\/\/www.estudioshistoricos.com\/wp-content\/uploads\/2026\/01\/presentacion_nalgures_XXIV_02-300x222.jpeg 300w, https:\/\/www.estudioshistoricos.com\/wp-content\/uploads\/2026\/01\/presentacion_nalgures_XXIV_02-768x569.jpeg 768w, https:\/\/www.estudioshistoricos.com\/wp-content\/uploads\/2026\/01\/presentacion_nalgures_XXIV_02.jpeg 1280w\" sizes=\"auto, (max-width: 1024px) 100vw, 1024px\" \/><\/a><\/figure>\n\n\n\n<figure class=\"wp-block-image size-large\"><a href=\"https:\/\/www.estudioshistoricos.com\/wp-content\/uploads\/2026\/01\/presentacion_nalgures_XXIV_03.jpeg\"><img loading=\"lazy\" decoding=\"async\" width=\"1024\" height=\"851\" data-id=\"2732\" src=\"https:\/\/www.estudioshistoricos.com\/wp-content\/uploads\/2026\/01\/presentacion_nalgures_XXIV_03-1024x851.jpeg\" alt=\"\" class=\"wp-image-2732\" srcset=\"https:\/\/www.estudioshistoricos.com\/wp-content\/uploads\/2026\/01\/presentacion_nalgures_XXIV_03-1024x851.jpeg 1024w, https:\/\/www.estudioshistoricos.com\/wp-content\/uploads\/2026\/01\/presentacion_nalgures_XXIV_03-300x249.jpeg 300w, https:\/\/www.estudioshistoricos.com\/wp-content\/uploads\/2026\/01\/presentacion_nalgures_XXIV_03-768x638.jpeg 768w, https:\/\/www.estudioshistoricos.com\/wp-content\/uploads\/2026\/01\/presentacion_nalgures_XXIV_03.jpeg 1280w\" sizes=\"auto, (max-width: 1024px) 100vw, 1024px\" \/><\/a><\/figure>\n<\/figure>\n","protected":false},"excerpt":{"rendered":"<p>O pasado xoves, 15 de xaneiro, presentamos nas instalaci\u00f3ns do Sporting Club Casino da Coru\u00f1a a edici\u00f3n XXIV da publicaci\u00f3n Nalgures, editada pola Asociaci\u00f3n de Estudios Hist\u00f3ricos de Galicia; e disfrutamos da interesante conferencia de Jos\u00e9 M. B\u00e9rtolo titulada &#8220;Os alfol\u00eds do sal na vila de Laxe&#8221;. Este novo n\u00famero da revista chega as nosas &hellip; <a href=\"https:\/\/www.estudioshistoricos.com\/?p=2731\">Continue reading <span class=\"meta-nav\">&rarr;<\/span><\/a><\/p>\n","protected":false},"author":1,"featured_media":0,"comment_status":"closed","ping_status":"closed","sticky":false,"template":"","format":"standard","meta":{"footnotes":""},"categories":[2],"tags":[],"class_list":["post-2731","post","type-post","status-publish","format-standard","hentry","category-noticias"],"_links":{"self":[{"href":"https:\/\/www.estudioshistoricos.com\/index.php?rest_route=\/wp\/v2\/posts\/2731","targetHints":{"allow":["GET"]}}],"collection":[{"href":"https:\/\/www.estudioshistoricos.com\/index.php?rest_route=\/wp\/v2\/posts"}],"about":[{"href":"https:\/\/www.estudioshistoricos.com\/index.php?rest_route=\/wp\/v2\/types\/post"}],"author":[{"embeddable":true,"href":"https:\/\/www.estudioshistoricos.com\/index.php?rest_route=\/wp\/v2\/users\/1"}],"replies":[{"embeddable":true,"href":"https:\/\/www.estudioshistoricos.com\/index.php?rest_route=%2Fwp%2Fv2%2Fcomments&post=2731"}],"version-history":[{"count":26,"href":"https:\/\/www.estudioshistoricos.com\/index.php?rest_route=\/wp\/v2\/posts\/2731\/revisions"}],"predecessor-version":[{"id":2764,"href":"https:\/\/www.estudioshistoricos.com\/index.php?rest_route=\/wp\/v2\/posts\/2731\/revisions\/2764"}],"wp:attachment":[{"href":"https:\/\/www.estudioshistoricos.com\/index.php?rest_route=%2Fwp%2Fv2%2Fmedia&parent=2731"}],"wp:term":[{"taxonomy":"category","embeddable":true,"href":"https:\/\/www.estudioshistoricos.com\/index.php?rest_route=%2Fwp%2Fv2%2Fcategories&post=2731"},{"taxonomy":"post_tag","embeddable":true,"href":"https:\/\/www.estudioshistoricos.com\/index.php?rest_route=%2Fwp%2Fv2%2Ftags&post=2731"}],"curies":[{"name":"wp","href":"https:\/\/api.w.org\/{rel}","templated":true}]}}