{"id":269,"date":"2008-05-24T07:14:46","date_gmt":"2008-05-24T07:14:46","guid":{"rendered":"http:\/\/www.estudioshistoricos.com\/?p=269"},"modified":"2014-10-28T11:32:26","modified_gmt":"2014-10-28T11:32:26","slug":"24-de-mayo-del-2008","status":"publish","type":"post","link":"https:\/\/www.estudioshistoricos.com\/?p=269","title":{"rendered":"24 de mayo del 2008"},"content":{"rendered":"<p>El pasado\u00a0<strong>24 de mayo 2008<\/strong>\u00a0se efectu\u00f3 la programada excursi\u00f3n a la\u00a0<span style=\"color: #ff0000;\"><strong>Torre de H\u00e9rcules y al monasterio de Soandres<\/strong><\/span>.<br \/>\nA las 12H nos reunimos al pie de la\u00a0<strong>Torre de H\u00e9rcules<\/strong>, acompa\u00f1ados de<em>\u00a0Javier L\u00f3pez Vallo<\/em>, que nos explic\u00f3 detalladamente la historia y caracter\u00edsticas de la Torre.<\/p>\n<p>A continuaci\u00f3n nos dirigimos a un restaurante cerca de la Torre de Cela, en donde disfrutamos de la consabida tortilla de patata y callos.<\/p>\n<p><!--more--><\/p>\n<p>Por la tarde,\u00a0<strong>visita al monasterio de Soandres<\/strong>, posiblemente de principios del siglo XI, que visitamos detenidamente.<br \/>\nComo las tardes son largas en esta \u00e9poca, aprovechamos para ver la\u00a0<strong>mina de Meirama<\/strong>\u00a0y detenernos en la reconstruida<strong>\u00a0iglesia de As Encrovas<\/strong>.<br \/>\nHacia las 21H regresamos a La Coru\u00f1a<\/p>\n\n\t\t<style type=\"text\/css\">\n\t\t\t#gallery-1 {\n\t\t\t\tmargin: auto;\n\t\t\t}\n\t\t\t#gallery-1 .gallery-item {\n\t\t\t\tfloat: left;\n\t\t\t\tmargin-top: 10px;\n\t\t\t\ttext-align: center;\n\t\t\t\twidth: 20%;\n\t\t\t}\n\t\t\t#gallery-1 img {\n\t\t\t\tborder: 2px solid #cfcfcf;\n\t\t\t}\n\t\t\t#gallery-1 .gallery-caption {\n\t\t\t\tmargin-left: 0;\n\t\t\t}\n\t\t\t\/* see gallery_shortcode() in wp-includes\/media.php *\/\n\t\t<\/style>\n\t\t<div id='gallery-1' class='gallery galleryid-269 gallery-columns-5 gallery-size-thumbnail'><dl class='gallery-item'>\n\t\t\t<dt class='gallery-icon landscape'>\n\t\t\t\t<a href='https:\/\/www.estudioshistoricos.com\/wp-content\/uploads\/2014\/10\/24_5_08_a.jpg'><img loading=\"lazy\" decoding=\"async\" width=\"150\" height=\"150\" src=\"https:\/\/www.estudioshistoricos.com\/wp-content\/uploads\/2014\/10\/24_5_08_a-150x150.jpg\" class=\"attachment-thumbnail size-thumbnail\" alt=\"\" \/><\/a>\n\t\t\t<\/dt><\/dl><dl class='gallery-item'>\n\t\t\t<dt class='gallery-icon landscape'>\n\t\t\t\t<a href='https:\/\/www.estudioshistoricos.com\/wp-content\/uploads\/2014\/10\/24_5_08_b.jpg'><img loading=\"lazy\" decoding=\"async\" width=\"150\" height=\"150\" src=\"https:\/\/www.estudioshistoricos.com\/wp-content\/uploads\/2014\/10\/24_5_08_b-150x150.jpg\" class=\"attachment-thumbnail size-thumbnail\" alt=\"\" \/><\/a>\n\t\t\t<\/dt><\/dl><dl class='gallery-item'>\n\t\t\t<dt class='gallery-icon landscape'>\n\t\t\t\t<a href='https:\/\/www.estudioshistoricos.com\/wp-content\/uploads\/2014\/10\/24_5_08_c.jpg'><img loading=\"lazy\" decoding=\"async\" width=\"150\" height=\"150\" src=\"https:\/\/www.estudioshistoricos.com\/wp-content\/uploads\/2014\/10\/24_5_08_c-150x150.jpg\" class=\"attachment-thumbnail size-thumbnail\" alt=\"\" \/><\/a>\n\t\t\t<\/dt><\/dl><dl class='gallery-item'>\n\t\t\t<dt class='gallery-icon landscape'>\n\t\t\t\t<a href='https:\/\/www.estudioshistoricos.com\/wp-content\/uploads\/2014\/10\/24_5_08_d.jpg'><img loading=\"lazy\" decoding=\"async\" width=\"150\" height=\"150\" src=\"https:\/\/www.estudioshistoricos.com\/wp-content\/uploads\/2014\/10\/24_5_08_d-150x150.jpg\" class=\"attachment-thumbnail size-thumbnail\" alt=\"\" \/><\/a>\n\t\t\t<\/dt><\/dl>\n\t\t\t<br style='clear: both' \/>\n\t\t<\/div>\n\n","protected":false},"excerpt":{"rendered":"<p>El pasado\u00a024 de mayo 2008\u00a0se efectu\u00f3 la programada excursi\u00f3n a la\u00a0Torre de H\u00e9rcules y al monasterio de Soandres. A las 12H nos reunimos al pie de la\u00a0Torre de H\u00e9rcules, acompa\u00f1ados de\u00a0Javier L\u00f3pez Vallo, que nos explic\u00f3 detalladamente la historia y caracter\u00edsticas de la Torre. A continuaci\u00f3n nos dirigimos a un restaurante cerca de la Torre &hellip; <a href=\"https:\/\/www.estudioshistoricos.com\/?p=269\">Continue reading <span class=\"meta-nav\">&rarr;<\/span><\/a><\/p>\n","protected":false},"author":1,"featured_media":272,"comment_status":"closed","ping_status":"closed","sticky":false,"template":"","format":"standard","meta":{"footnotes":""},"categories":[3],"tags":[],"class_list":["post-269","post","type-post","status-publish","format-standard","has-post-thumbnail","hentry","category-actividades"],"_links":{"self":[{"href":"https:\/\/www.estudioshistoricos.com\/index.php?rest_route=\/wp\/v2\/posts\/269","targetHints":{"allow":["GET"]}}],"collection":[{"href":"https:\/\/www.estudioshistoricos.com\/index.php?rest_route=\/wp\/v2\/posts"}],"about":[{"href":"https:\/\/www.estudioshistoricos.com\/index.php?rest_route=\/wp\/v2\/types\/post"}],"author":[{"embeddable":true,"href":"https:\/\/www.estudioshistoricos.com\/index.php?rest_route=\/wp\/v2\/users\/1"}],"replies":[{"embeddable":true,"href":"https:\/\/www.estudioshistoricos.com\/index.php?rest_route=%2Fwp%2Fv2%2Fcomments&post=269"}],"version-history":[{"count":3,"href":"https:\/\/www.estudioshistoricos.com\/index.php?rest_route=\/wp\/v2\/posts\/269\/revisions"}],"predecessor-version":[{"id":409,"href":"https:\/\/www.estudioshistoricos.com\/index.php?rest_route=\/wp\/v2\/posts\/269\/revisions\/409"}],"wp:featuredmedia":[{"embeddable":true,"href":"https:\/\/www.estudioshistoricos.com\/index.php?rest_route=\/wp\/v2\/media\/272"}],"wp:attachment":[{"href":"https:\/\/www.estudioshistoricos.com\/index.php?rest_route=%2Fwp%2Fv2%2Fmedia&parent=269"}],"wp:term":[{"taxonomy":"category","embeddable":true,"href":"https:\/\/www.estudioshistoricos.com\/index.php?rest_route=%2Fwp%2Fv2%2Fcategories&post=269"},{"taxonomy":"post_tag","embeddable":true,"href":"https:\/\/www.estudioshistoricos.com\/index.php?rest_route=%2Fwp%2Fv2%2Ftags&post=269"}],"curies":[{"name":"wp","href":"https:\/\/api.w.org\/{rel}","templated":true}]}}