{"id":2589,"date":"2025-03-24T13:35:07","date_gmt":"2025-03-24T13:35:07","guid":{"rendered":"https:\/\/www.estudioshistoricos.com\/?p=2589"},"modified":"2025-03-24T13:35:08","modified_gmt":"2025-03-24T13:35:08","slug":"localizados-e-datados-varios-canons-en-ribadeo-e-castropol","status":"publish","type":"post","link":"https:\/\/www.estudioshistoricos.com\/?p=2589","title":{"rendered":"Localizados e datados varios can\u00f3ns en Ribadeo e Castropol"},"content":{"rendered":"\n<p>Seguen xurdindo novas e aumentando a repercusi\u00f3n medi\u00e1tica sobre o <a href=\"https:\/\/www.estudioshistoricos.com\/?page_id=18\" data-type=\"page\" data-id=\"18\" target=\"_blank\" rel=\"noreferrer noopener\">Nalgures<\/a> XXII (2024). O noso compa\u00f1eiro da Asociaci\u00f3n de Estudios Hist\u00f3ricos de Galicia, <a href=\"https:\/\/www.estudioshistoricos.com\/?page_id=1301\" data-type=\"page\" data-id=\"1301\" target=\"_blank\" rel=\"noreferrer noopener\">Alberto Paraje M\u00e9ndez<\/a>, \u00e9 o protagonista do artigo publicado hoxe, 13 de marzo, no xornal<a href=\"https:\/\/www.elprogreso.es\/articulo\/a-marina\/identificados-datados-varios-canones-ribadeo-castropol\/202503130912011856646.html?fbclid=IwY2xjawJOPRpleHRuA2FlbQIxMQABHTVMuEW06J996RExEhuN37Qig_YR8nKImYE7VmsiBCczroJUdvT4S1g4Ng_aem_3Z2XaEsznHM59wWSfA_4yA\" target=\"_blank\" rel=\"noreferrer noopener\"> El Progreso de Lugo<\/a>.<\/p>\n\n\n\n<p>O autor acadou a identificaci\u00f3n e dataci\u00f3n de cinco pezas de can\u00f3n en varias localidades, galegas e asturianas, na r\u00eda de Ribadeo; formando parte das defensas costeiras que tiveron o seu epicentro no forte de San Dam\u00edan. O estudo completo ver\u00e1 a luz nas vindeiras semanas nunha publicaci\u00f3n monogr\u00e1fica, da que daremos boa conta no seu momento.<\/p>\n\n\n\n<p><a href=\"https:\/\/www.elprogreso.es\/articulo\/a-marina\/identificados-datados-varios-canones-ribadeo-castropol\/202503130912011856646.html?fbclid=IwY2xjawJOPRpleHRuA2FlbQIxMQABHTVMuEW06J996RExEhuN37Qig_YR8nKImYE7VmsiBCczroJUdvT4S1g4Ng_aem_3Z2XaEsznHM59wWSfA_4yA\" target=\"_blank\" rel=\"noreferrer noopener\">Mais informaci\u00f3n no seguinte ligaz\u00f3n.<\/a><\/p>\n","protected":false},"excerpt":{"rendered":"<p>Seguen xurdindo novas e aumentando a repercusi\u00f3n medi\u00e1tica sobre o Nalgures XXII (2024). O noso compa\u00f1eiro da Asociaci\u00f3n de Estudios Hist\u00f3ricos de Galicia, Alberto Paraje M\u00e9ndez, \u00e9 o protagonista do artigo publicado hoxe, 13 de marzo, no xornal El Progreso de Lugo. O autor acadou a identificaci\u00f3n e dataci\u00f3n de cinco pezas de can\u00f3n en &hellip; <a href=\"https:\/\/www.estudioshistoricos.com\/?p=2589\">Continue reading <span class=\"meta-nav\">&rarr;<\/span><\/a><\/p>\n","protected":false},"author":1,"featured_media":2590,"comment_status":"closed","ping_status":"closed","sticky":false,"template":"","format":"standard","meta":{"footnotes":""},"categories":[2],"tags":[],"class_list":["post-2589","post","type-post","status-publish","format-standard","has-post-thumbnail","hentry","category-noticias"],"_links":{"self":[{"href":"https:\/\/www.estudioshistoricos.com\/index.php?rest_route=\/wp\/v2\/posts\/2589","targetHints":{"allow":["GET"]}}],"collection":[{"href":"https:\/\/www.estudioshistoricos.com\/index.php?rest_route=\/wp\/v2\/posts"}],"about":[{"href":"https:\/\/www.estudioshistoricos.com\/index.php?rest_route=\/wp\/v2\/types\/post"}],"author":[{"embeddable":true,"href":"https:\/\/www.estudioshistoricos.com\/index.php?rest_route=\/wp\/v2\/users\/1"}],"replies":[{"embeddable":true,"href":"https:\/\/www.estudioshistoricos.com\/index.php?rest_route=%2Fwp%2Fv2%2Fcomments&post=2589"}],"version-history":[{"count":1,"href":"https:\/\/www.estudioshistoricos.com\/index.php?rest_route=\/wp\/v2\/posts\/2589\/revisions"}],"predecessor-version":[{"id":2591,"href":"https:\/\/www.estudioshistoricos.com\/index.php?rest_route=\/wp\/v2\/posts\/2589\/revisions\/2591"}],"wp:featuredmedia":[{"embeddable":true,"href":"https:\/\/www.estudioshistoricos.com\/index.php?rest_route=\/wp\/v2\/media\/2590"}],"wp:attachment":[{"href":"https:\/\/www.estudioshistoricos.com\/index.php?rest_route=%2Fwp%2Fv2%2Fmedia&parent=2589"}],"wp:term":[{"taxonomy":"category","embeddable":true,"href":"https:\/\/www.estudioshistoricos.com\/index.php?rest_route=%2Fwp%2Fv2%2Fcategories&post=2589"},{"taxonomy":"post_tag","embeddable":true,"href":"https:\/\/www.estudioshistoricos.com\/index.php?rest_route=%2Fwp%2Fv2%2Ftags&post=2589"}],"curies":[{"name":"wp","href":"https:\/\/api.w.org\/{rel}","templated":true}]}}