{"id":2585,"date":"2025-02-24T19:31:55","date_gmt":"2025-02-24T19:31:55","guid":{"rendered":"https:\/\/www.estudioshistoricos.com\/?p=2585"},"modified":"2025-02-24T19:31:56","modified_gmt":"2025-02-24T19:31:56","slug":"entrevista-na-opinion-a-javier-garcia-gomez","status":"publish","type":"post","link":"https:\/\/www.estudioshistoricos.com\/?p=2585","title":{"rendered":"Entrevista na Opini\u00f3n a Javier Garc\u00eda G\u00f3mez"},"content":{"rendered":"\n<p>Entrevista na <a href=\"https:\/\/www.laopinioncoruna.es\/gran-coruna\/2025\/02\/23\/pravio-hubo-monasterio-familiar-absorbido-114584841.html?utm_source=whatsapp&amp;utm_medium=social&amp;utm_campaign=btn-share\" target=\"_blank\" rel=\"noreferrer noopener\">Opini\u00f3n A Coru\u00f1a<\/a> \u00f3 noso compa\u00f1eiro da Asociaci\u00f3n de Estudios Hist\u00f3ricos de Galicia, <a href=\"https:\/\/www.estudioshistoricos.com\/?page_id=2390\" data-type=\"page\" data-id=\"2390\" target=\"_blank\" rel=\"noreferrer noopener\">Javier Garc\u00eda G\u00f3mez<\/a>, sobre o artigo publicado en <a href=\"https:\/\/www.estudioshistoricos.com\/?page_id=18\" data-type=\"page\" data-id=\"18\" target=\"_blank\" rel=\"noreferrer noopener\">Nalgures XXII<\/a> titulado <strong>&#8220;O mosteiro de Pravio (Cambre). Notas e apuntamentos sobre a s\u00faa breve existencia na Alta Idade Media&#8221;<\/strong>. <a href=\"https:\/\/www.laopinioncoruna.es\/gran-coruna\/2025\/02\/23\/pravio-hubo-monasterio-familiar-absorbido-114584841.html?utm_source=whatsapp&amp;utm_medium=social&amp;utm_campaign=btn-share\" target=\"_blank\" rel=\"noreferrer noopener\">P\u00f3dese ler aqu\u00ed.<\/a><\/p>\n\n\n<div class=\"wp-block-image\">\n<figure class=\"aligncenter size-medium\"><a href=\"https:\/\/www.estudioshistoricos.com\/wp-content\/uploads\/2025\/02\/la_opinion_23_febrero_2025.jpg\"><img loading=\"lazy\" decoding=\"async\" width=\"211\" height=\"300\" src=\"https:\/\/www.estudioshistoricos.com\/wp-content\/uploads\/2025\/02\/la_opinion_23_febrero_2025-211x300.jpg\" alt=\"\" class=\"wp-image-2586\" srcset=\"https:\/\/www.estudioshistoricos.com\/wp-content\/uploads\/2025\/02\/la_opinion_23_febrero_2025-211x300.jpg 211w, https:\/\/www.estudioshistoricos.com\/wp-content\/uploads\/2025\/02\/la_opinion_23_febrero_2025-720x1024.jpg 720w, https:\/\/www.estudioshistoricos.com\/wp-content\/uploads\/2025\/02\/la_opinion_23_febrero_2025-768x1092.jpg 768w, https:\/\/www.estudioshistoricos.com\/wp-content\/uploads\/2025\/02\/la_opinion_23_febrero_2025-1080x1536.jpg 1080w, https:\/\/www.estudioshistoricos.com\/wp-content\/uploads\/2025\/02\/la_opinion_23_febrero_2025.jpg 1125w\" sizes=\"auto, (max-width: 211px) 100vw, 211px\" \/><\/a><\/figure>\n<\/div>\n\n\n<p><\/p>\n","protected":false},"excerpt":{"rendered":"<p>Entrevista na Opini\u00f3n A Coru\u00f1a \u00f3 noso compa\u00f1eiro da Asociaci\u00f3n de Estudios Hist\u00f3ricos de Galicia, Javier Garc\u00eda G\u00f3mez, sobre o artigo publicado en Nalgures XXII titulado &#8220;O mosteiro de Pravio (Cambre). Notas e apuntamentos sobre a s\u00faa breve existencia na Alta Idade Media&#8221;. P\u00f3dese ler aqu\u00ed.<\/p>\n","protected":false},"author":1,"featured_media":0,"comment_status":"closed","ping_status":"closed","sticky":false,"template":"","format":"standard","meta":{"footnotes":""},"categories":[2],"tags":[],"class_list":["post-2585","post","type-post","status-publish","format-standard","hentry","category-noticias"],"_links":{"self":[{"href":"https:\/\/www.estudioshistoricos.com\/index.php?rest_route=\/wp\/v2\/posts\/2585","targetHints":{"allow":["GET"]}}],"collection":[{"href":"https:\/\/www.estudioshistoricos.com\/index.php?rest_route=\/wp\/v2\/posts"}],"about":[{"href":"https:\/\/www.estudioshistoricos.com\/index.php?rest_route=\/wp\/v2\/types\/post"}],"author":[{"embeddable":true,"href":"https:\/\/www.estudioshistoricos.com\/index.php?rest_route=\/wp\/v2\/users\/1"}],"replies":[{"embeddable":true,"href":"https:\/\/www.estudioshistoricos.com\/index.php?rest_route=%2Fwp%2Fv2%2Fcomments&post=2585"}],"version-history":[{"count":1,"href":"https:\/\/www.estudioshistoricos.com\/index.php?rest_route=\/wp\/v2\/posts\/2585\/revisions"}],"predecessor-version":[{"id":2587,"href":"https:\/\/www.estudioshistoricos.com\/index.php?rest_route=\/wp\/v2\/posts\/2585\/revisions\/2587"}],"wp:attachment":[{"href":"https:\/\/www.estudioshistoricos.com\/index.php?rest_route=%2Fwp%2Fv2%2Fmedia&parent=2585"}],"wp:term":[{"taxonomy":"category","embeddable":true,"href":"https:\/\/www.estudioshistoricos.com\/index.php?rest_route=%2Fwp%2Fv2%2Fcategories&post=2585"},{"taxonomy":"post_tag","embeddable":true,"href":"https:\/\/www.estudioshistoricos.com\/index.php?rest_route=%2Fwp%2Fv2%2Ftags&post=2585"}],"curies":[{"name":"wp","href":"https:\/\/api.w.org\/{rel}","templated":true}]}}