{"id":2576,"date":"2025-02-19T16:13:54","date_gmt":"2025-02-19T16:13:54","guid":{"rendered":"https:\/\/www.estudioshistoricos.com\/?p=2576"},"modified":"2025-03-24T12:56:01","modified_gmt":"2025-03-24T12:56:01","slug":"ribadeo-en-guerra-o-ataque-ingles-do-ano-1719","status":"publish","type":"post","link":"https:\/\/www.estudioshistoricos.com\/?p=2576","title":{"rendered":"Ribadeo en guerra. O ataque Ingl\u00e9s do ano 1719."},"content":{"rendered":"\n<p>Organizada pola Asociaci\u00f3n Cultural de Estudios Hist\u00f3ricos de Galicia, coa colaboraci\u00f3n do <a href=\"https:\/\/www.ribadeo.gal\" target=\"_blank\" rel=\"noreferrer noopener\">Concello de Ribadeo<\/a>, o <strong>domingo 2 de marzo \u00e1s 17:00 horas<\/strong>, na sala 3 do Forte de San Dami\u00e1n de Ribadeo, <a href=\"https:\/\/www.estudioshistoricos.com\/?page_id=1301\" data-type=\"page\" data-id=\"1301\" target=\"_blank\" rel=\"noreferrer noopener\">Alberto Paraje<\/a> pronunciar\u00e1 unha conferencia sobre <strong>o ataque ingl\u00e9s a Ribadeo do ano 1719<\/strong>.<\/p>\n\n\n\n<p>Foi \u00e9ste sin d\u00fabida o episodio b\u00e9lico m\u00e1is salientable na Historia da nosa R\u00eda, no que participaron conxuntamente o Forte de San Dami\u00e1n e a Bater\u00eda da Atalaia, cun desenlace certamente inesperado e deixando tras de s\u00ed dous dos pecios m\u00e1is famosos da nosa R\u00eda: as fragatas &#8220;San Francisco&#8221; e &#8220;Galgo de Andaluc\u00eda&#8221;, a\u00ednda hoxe sin localizar.<\/p>\n\n\n\n<p>A asistencia ser\u00e1 libre e gratuita ata completar o aforo. Lembramos tam\u00e9n que o Forte de San Dami\u00e1n estar\u00e1 aberto o s\u00e1bado d\u00eda 1 de marzo de 10:30 a 13:30 horas, con visita guiada gratuita \u00e1s 12:00, previa inscripci\u00f3n.<\/p>\n\n\n<div class=\"wp-block-image\">\n<figure class=\"aligncenter size-medium\"><a href=\"https:\/\/www.estudioshistoricos.com\/wp-content\/uploads\/2025\/02\/ribadeo_en_guerra.jpg\"><img loading=\"lazy\" decoding=\"async\" width=\"227\" height=\"300\" src=\"https:\/\/www.estudioshistoricos.com\/wp-content\/uploads\/2025\/02\/ribadeo_en_guerra-227x300.jpg\" alt=\"\" class=\"wp-image-2577\" srcset=\"https:\/\/www.estudioshistoricos.com\/wp-content\/uploads\/2025\/02\/ribadeo_en_guerra-227x300.jpg 227w, https:\/\/www.estudioshistoricos.com\/wp-content\/uploads\/2025\/02\/ribadeo_en_guerra.jpg 577w\" sizes=\"auto, (max-width: 227px) 100vw, 227px\" \/><\/a><\/figure>\n<\/div>","protected":false},"excerpt":{"rendered":"<p>Organizada pola Asociaci\u00f3n Cultural de Estudios Hist\u00f3ricos de Galicia, coa colaboraci\u00f3n do Concello de Ribadeo, o domingo 2 de marzo \u00e1s 17:00 horas, na sala 3 do Forte de San Dami\u00e1n de Ribadeo, Alberto Paraje pronunciar\u00e1 unha conferencia sobre o ataque ingl\u00e9s a Ribadeo do ano 1719. Foi \u00e9ste sin d\u00fabida o episodio b\u00e9lico m\u00e1is &hellip; <a href=\"https:\/\/www.estudioshistoricos.com\/?p=2576\">Continue reading <span class=\"meta-nav\">&rarr;<\/span><\/a><\/p>\n","protected":false},"author":1,"featured_media":0,"comment_status":"closed","ping_status":"closed","sticky":false,"template":"","format":"standard","meta":{"footnotes":""},"categories":[3,2],"tags":[],"class_list":["post-2576","post","type-post","status-publish","format-standard","hentry","category-actividades","category-noticias"],"_links":{"self":[{"href":"https:\/\/www.estudioshistoricos.com\/index.php?rest_route=\/wp\/v2\/posts\/2576","targetHints":{"allow":["GET"]}}],"collection":[{"href":"https:\/\/www.estudioshistoricos.com\/index.php?rest_route=\/wp\/v2\/posts"}],"about":[{"href":"https:\/\/www.estudioshistoricos.com\/index.php?rest_route=\/wp\/v2\/types\/post"}],"author":[{"embeddable":true,"href":"https:\/\/www.estudioshistoricos.com\/index.php?rest_route=\/wp\/v2\/users\/1"}],"replies":[{"embeddable":true,"href":"https:\/\/www.estudioshistoricos.com\/index.php?rest_route=%2Fwp%2Fv2%2Fcomments&post=2576"}],"version-history":[{"count":2,"href":"https:\/\/www.estudioshistoricos.com\/index.php?rest_route=\/wp\/v2\/posts\/2576\/revisions"}],"predecessor-version":[{"id":2580,"href":"https:\/\/www.estudioshistoricos.com\/index.php?rest_route=\/wp\/v2\/posts\/2576\/revisions\/2580"}],"wp:attachment":[{"href":"https:\/\/www.estudioshistoricos.com\/index.php?rest_route=%2Fwp%2Fv2%2Fmedia&parent=2576"}],"wp:term":[{"taxonomy":"category","embeddable":true,"href":"https:\/\/www.estudioshistoricos.com\/index.php?rest_route=%2Fwp%2Fv2%2Fcategories&post=2576"},{"taxonomy":"post_tag","embeddable":true,"href":"https:\/\/www.estudioshistoricos.com\/index.php?rest_route=%2Fwp%2Fv2%2Ftags&post=2576"}],"curies":[{"name":"wp","href":"https:\/\/api.w.org\/{rel}","templated":true}]}}