{"id":2574,"date":"2025-02-19T16:08:39","date_gmt":"2025-02-19T16:08:39","guid":{"rendered":"https:\/\/www.estudioshistoricos.com\/?p=2574"},"modified":"2025-02-19T16:08:41","modified_gmt":"2025-02-19T16:08:41","slug":"o-sistema-de-veredas-da-provincia-de-betanzos-seculos-xviii-e-xix","status":"publish","type":"post","link":"https:\/\/www.estudioshistoricos.com\/?p=2574","title":{"rendered":"O Sistema de Veredas da Provincia de Betanzos (S\u00e9culos XVIII e XIX)"},"content":{"rendered":"\n<p>O Sistema de Veredas da Provincia de Betanzos (S\u00e9culos XVIII e XIX), por <strong>\u00c1lvaro Benedicto P\u00e9rez Sancho<\/strong>.<\/p>\n\n\n\n<p>Publicaci\u00f3n do compa\u00f1eiro da Asociaci\u00f3n de Estudios Hist\u00f3ricos de Galicia no Anuario Brigantino 46 (2023). Texto completo xa dispo\u00f1ible para consulta p\u00fablica <a href=\"https:\/\/dialnet.unirioja.es\/servlet\/articulo?codigo=9722989\" target=\"_blank\" rel=\"noreferrer noopener\">na plataforma Dialnet<\/a>.<\/p>\n\n\n\n<p><\/p>\n","protected":false},"excerpt":{"rendered":"<p>O Sistema de Veredas da Provincia de Betanzos (S\u00e9culos XVIII e XIX), por \u00c1lvaro Benedicto P\u00e9rez Sancho. Publicaci\u00f3n do compa\u00f1eiro da Asociaci\u00f3n de Estudios Hist\u00f3ricos de Galicia no Anuario Brigantino 46 (2023). Texto completo xa dispo\u00f1ible para consulta p\u00fablica na plataforma Dialnet.<\/p>\n","protected":false},"author":1,"featured_media":0,"comment_status":"closed","ping_status":"closed","sticky":false,"template":"","format":"standard","meta":{"footnotes":""},"categories":[2],"tags":[],"class_list":["post-2574","post","type-post","status-publish","format-standard","hentry","category-noticias"],"_links":{"self":[{"href":"https:\/\/www.estudioshistoricos.com\/index.php?rest_route=\/wp\/v2\/posts\/2574","targetHints":{"allow":["GET"]}}],"collection":[{"href":"https:\/\/www.estudioshistoricos.com\/index.php?rest_route=\/wp\/v2\/posts"}],"about":[{"href":"https:\/\/www.estudioshistoricos.com\/index.php?rest_route=\/wp\/v2\/types\/post"}],"author":[{"embeddable":true,"href":"https:\/\/www.estudioshistoricos.com\/index.php?rest_route=\/wp\/v2\/users\/1"}],"replies":[{"embeddable":true,"href":"https:\/\/www.estudioshistoricos.com\/index.php?rest_route=%2Fwp%2Fv2%2Fcomments&post=2574"}],"version-history":[{"count":1,"href":"https:\/\/www.estudioshistoricos.com\/index.php?rest_route=\/wp\/v2\/posts\/2574\/revisions"}],"predecessor-version":[{"id":2575,"href":"https:\/\/www.estudioshistoricos.com\/index.php?rest_route=\/wp\/v2\/posts\/2574\/revisions\/2575"}],"wp:attachment":[{"href":"https:\/\/www.estudioshistoricos.com\/index.php?rest_route=%2Fwp%2Fv2%2Fmedia&parent=2574"}],"wp:term":[{"taxonomy":"category","embeddable":true,"href":"https:\/\/www.estudioshistoricos.com\/index.php?rest_route=%2Fwp%2Fv2%2Fcategories&post=2574"},{"taxonomy":"post_tag","embeddable":true,"href":"https:\/\/www.estudioshistoricos.com\/index.php?rest_route=%2Fwp%2Fv2%2Ftags&post=2574"}],"curies":[{"name":"wp","href":"https:\/\/api.w.org\/{rel}","templated":true}]}}