{"id":2571,"date":"2025-02-03T20:48:20","date_gmt":"2025-02-03T20:48:20","guid":{"rendered":"https:\/\/www.estudioshistoricos.com\/?p=2571"},"modified":"2025-02-03T20:48:21","modified_gmt":"2025-02-03T20:48:21","slug":"san-roque-patrono-titular-de-betanzos-desde-1694","status":"publish","type":"post","link":"https:\/\/www.estudioshistoricos.com\/?p=2571","title":{"rendered":"San Roque, patrono titular de Betanzos desde 1694"},"content":{"rendered":"\n<p>El Ideal Gallego publica hoxe unha noticia sobre o patrono de Betanzos, basada no artigo do noso compa\u00f1eiro da Asociaci\u00f3n de Estudios Hist\u00f3ricos de Galicia, <a href=\"https:\/\/www.estudioshistoricos.com\/?page_id=1264\" data-type=\"page\" data-id=\"1264\" target=\"_blank\" rel=\"noreferrer noopener\">Jos\u00e9 Manuel B\u00e9rtolo Ballesteros<\/a>, incluido na recente edici\u00f3n do <a href=\"https:\/\/anuariobrigantino.betanzos.net\" target=\"_blank\" rel=\"noreferrer noopener\">Anuario Brigantino.<\/a><\/p>\n\n\n\n<p>Podes ler a noticia completa no seguinte enlace: <a href=\"https:\/\/www.elidealgallego.com\/articulo\/betanzos\/ofrenda-150-anos-san-roque-tutelar-betanzos-desde-hace-300-5165568\" target=\"_blank\" rel=\"noreferrer noopener\">El ideal Gallego<\/a><\/p>\n\n\n\n<p><\/p>\n","protected":false},"excerpt":{"rendered":"<p>El Ideal Gallego publica hoxe unha noticia sobre o patrono de Betanzos, basada no artigo do noso compa\u00f1eiro da Asociaci\u00f3n de Estudios Hist\u00f3ricos de Galicia, Jos\u00e9 Manuel B\u00e9rtolo Ballesteros, incluido na recente edici\u00f3n do Anuario Brigantino. Podes ler a noticia completa no seguinte enlace: El ideal Gallego<\/p>\n","protected":false},"author":1,"featured_media":0,"comment_status":"closed","ping_status":"closed","sticky":false,"template":"","format":"standard","meta":{"footnotes":""},"categories":[2],"tags":[],"class_list":["post-2571","post","type-post","status-publish","format-standard","hentry","category-noticias"],"_links":{"self":[{"href":"https:\/\/www.estudioshistoricos.com\/index.php?rest_route=\/wp\/v2\/posts\/2571","targetHints":{"allow":["GET"]}}],"collection":[{"href":"https:\/\/www.estudioshistoricos.com\/index.php?rest_route=\/wp\/v2\/posts"}],"about":[{"href":"https:\/\/www.estudioshistoricos.com\/index.php?rest_route=\/wp\/v2\/types\/post"}],"author":[{"embeddable":true,"href":"https:\/\/www.estudioshistoricos.com\/index.php?rest_route=\/wp\/v2\/users\/1"}],"replies":[{"embeddable":true,"href":"https:\/\/www.estudioshistoricos.com\/index.php?rest_route=%2Fwp%2Fv2%2Fcomments&post=2571"}],"version-history":[{"count":1,"href":"https:\/\/www.estudioshistoricos.com\/index.php?rest_route=\/wp\/v2\/posts\/2571\/revisions"}],"predecessor-version":[{"id":2572,"href":"https:\/\/www.estudioshistoricos.com\/index.php?rest_route=\/wp\/v2\/posts\/2571\/revisions\/2572"}],"wp:attachment":[{"href":"https:\/\/www.estudioshistoricos.com\/index.php?rest_route=%2Fwp%2Fv2%2Fmedia&parent=2571"}],"wp:term":[{"taxonomy":"category","embeddable":true,"href":"https:\/\/www.estudioshistoricos.com\/index.php?rest_route=%2Fwp%2Fv2%2Fcategories&post=2571"},{"taxonomy":"post_tag","embeddable":true,"href":"https:\/\/www.estudioshistoricos.com\/index.php?rest_route=%2Fwp%2Fv2%2Ftags&post=2571"}],"curies":[{"name":"wp","href":"https:\/\/api.w.org\/{rel}","templated":true}]}}