{"id":2546,"date":"2025-01-22T14:59:31","date_gmt":"2025-01-22T14:59:31","guid":{"rendered":"https:\/\/www.estudioshistoricos.com\/?p=2546"},"modified":"2025-01-22T15:06:18","modified_gmt":"2025-01-22T15:06:18","slug":"presentacion-a-revista-nalgures-xxii","status":"publish","type":"post","link":"https:\/\/www.estudioshistoricos.com\/?p=2546","title":{"rendered":"Presentacion a revista\u00a0NALGURES XXII"},"content":{"rendered":"\n<p>A Asociaci\u00f3n Cultural de Estudios Hist\u00f3ricos de Galicia presenta a revista&nbsp;<strong>NALGURES XXII<\/strong>&nbsp;o vindeiro xoves 30 de xaneiro de 2025 \u00e1s 20 h. na 3\u00aa planta do Sporting&nbsp;<a href=\"https:\/\/maps.app.goo.gl\/BAC2bMEbmov6SMaA7\" target=\"_blank\" rel=\"noreferrer noopener\">Club Casino<\/a>, r\u00faa Real, 83.<\/p>\n\n\n\n<p>De seguido, conferencia de\u00a0Conferencia de <a href=\"https:\/\/www.estudioshistoricos.com\/?page_id=480\" data-type=\"page\" data-id=\"480\">D. Carlos Pereira Mart\u00ednez<\/a>: <strong>&#8220;O espiritismo na cidade de Ferrol no s\u00e9culo XIX: o centro La Reencarnaci\u00f3n&#8221;<\/strong>.<\/p>\n\n\n<div class=\"wp-block-image\">\n<figure class=\"aligncenter size-medium\"><a href=\"https:\/\/www.estudioshistoricos.com\/wp-content\/uploads\/2025\/01\/nalgures_xxii.jpeg\"><img loading=\"lazy\" decoding=\"async\" width=\"216\" height=\"300\" src=\"https:\/\/www.estudioshistoricos.com\/wp-content\/uploads\/2025\/01\/nalgures_xxii-216x300.jpeg\" alt=\"\" class=\"wp-image-2547\" srcset=\"https:\/\/www.estudioshistoricos.com\/wp-content\/uploads\/2025\/01\/nalgures_xxii-216x300.jpeg 216w, https:\/\/www.estudioshistoricos.com\/wp-content\/uploads\/2025\/01\/nalgures_xxii.jpeg 675w\" sizes=\"auto, (max-width: 216px) 100vw, 216px\" \/><\/a><\/figure>\n<\/div>","protected":false},"excerpt":{"rendered":"<p>A Asociaci\u00f3n Cultural de Estudios Hist\u00f3ricos de Galicia presenta a revista&nbsp;NALGURES XXII&nbsp;o vindeiro xoves 30 de xaneiro de 2025 \u00e1s 20 h. na 3\u00aa planta do Sporting&nbsp;Club Casino, r\u00faa Real, 83. De seguido, conferencia de\u00a0Conferencia de D. Carlos Pereira Mart\u00ednez: &#8220;O espiritismo na cidade de Ferrol no s\u00e9culo XIX: o centro La Reencarnaci\u00f3n&#8221;.<\/p>\n","protected":false},"author":1,"featured_media":0,"comment_status":"closed","ping_status":"closed","sticky":false,"template":"","format":"standard","meta":{"footnotes":""},"categories":[2],"tags":[],"class_list":["post-2546","post","type-post","status-publish","format-standard","hentry","category-noticias"],"_links":{"self":[{"href":"https:\/\/www.estudioshistoricos.com\/index.php?rest_route=\/wp\/v2\/posts\/2546","targetHints":{"allow":["GET"]}}],"collection":[{"href":"https:\/\/www.estudioshistoricos.com\/index.php?rest_route=\/wp\/v2\/posts"}],"about":[{"href":"https:\/\/www.estudioshistoricos.com\/index.php?rest_route=\/wp\/v2\/types\/post"}],"author":[{"embeddable":true,"href":"https:\/\/www.estudioshistoricos.com\/index.php?rest_route=\/wp\/v2\/users\/1"}],"replies":[{"embeddable":true,"href":"https:\/\/www.estudioshistoricos.com\/index.php?rest_route=%2Fwp%2Fv2%2Fcomments&post=2546"}],"version-history":[{"count":2,"href":"https:\/\/www.estudioshistoricos.com\/index.php?rest_route=\/wp\/v2\/posts\/2546\/revisions"}],"predecessor-version":[{"id":2549,"href":"https:\/\/www.estudioshistoricos.com\/index.php?rest_route=\/wp\/v2\/posts\/2546\/revisions\/2549"}],"wp:attachment":[{"href":"https:\/\/www.estudioshistoricos.com\/index.php?rest_route=%2Fwp%2Fv2%2Fmedia&parent=2546"}],"wp:term":[{"taxonomy":"category","embeddable":true,"href":"https:\/\/www.estudioshistoricos.com\/index.php?rest_route=%2Fwp%2Fv2%2Fcategories&post=2546"},{"taxonomy":"post_tag","embeddable":true,"href":"https:\/\/www.estudioshistoricos.com\/index.php?rest_route=%2Fwp%2Fv2%2Ftags&post=2546"}],"curies":[{"name":"wp","href":"https:\/\/api.w.org\/{rel}","templated":true}]}}