{"id":2249,"date":"2023-07-31T13:47:57","date_gmt":"2023-07-31T13:47:57","guid":{"rendered":"https:\/\/www.estudioshistoricos.com\/?p=2249"},"modified":"2023-07-31T13:57:44","modified_gmt":"2023-07-31T13:57:44","slug":"coloquio-internacional-un-oceano-dous-destinos","status":"publish","type":"post","link":"https:\/\/www.estudioshistoricos.com\/?p=2249","title":{"rendered":"Coloquio Internacional: &#8220;Un oc\u00e9ano, dous destinos&#8221;"},"content":{"rendered":"\n<p>O vindeiro mes de setembro, do 13 ao 15, na cidade de Ferrol, celebrarase o Coloquio Internacional: &#8220;Un oc\u00e9ano, dous destinos&#8221;. A inscrici\u00f3n \u00e9 gratu\u00edta a trav\u00e9s <a rel=\"noreferrer noopener\" href=\"https:\/\/us06web.zoom.us\/webinar\/register\/WN_ZJyScfvdTEypkuFdc-YMZw#\/registration\" target=\"_blank\">deste sitio web<\/a>. Adxuntamos o programa para a s\u00faa consulta.<\/p>\n\n\n<div class=\"wp-block-image\">\n<figure class=\"aligncenter size-medium\"><a href=\"https:\/\/www.estudioshistoricos.com\/wp-content\/uploads\/2023\/07\/un_oceano_dos_destinos.pdf\" target=\"_blank\" rel=\"noreferrer noopener\"><img loading=\"lazy\" decoding=\"async\" width=\"210\" height=\"300\" src=\"https:\/\/www.estudioshistoricos.com\/wp-content\/uploads\/2023\/07\/un_oceano_dos_destinos-210x300.jpg\" alt=\"\" class=\"wp-image-2250\" srcset=\"https:\/\/www.estudioshistoricos.com\/wp-content\/uploads\/2023\/07\/un_oceano_dos_destinos-210x300.jpg 210w, https:\/\/www.estudioshistoricos.com\/wp-content\/uploads\/2023\/07\/un_oceano_dos_destinos-717x1024.jpg 717w, https:\/\/www.estudioshistoricos.com\/wp-content\/uploads\/2023\/07\/un_oceano_dos_destinos-768x1097.jpg 768w, https:\/\/www.estudioshistoricos.com\/wp-content\/uploads\/2023\/07\/un_oceano_dos_destinos.jpg 1024w\" sizes=\"auto, (max-width: 210px) 100vw, 210px\" \/><\/a><\/figure>\n<\/div>\n\n\n<p><\/p>\n\n\n\n<p><\/p>\n","protected":false},"excerpt":{"rendered":"<p>O vindeiro mes de setembro, do 13 ao 15, na cidade de Ferrol, celebrarase o Coloquio Internacional: &#8220;Un oc\u00e9ano, dous destinos&#8221;. A inscrici\u00f3n \u00e9 gratu\u00edta a trav\u00e9s deste sitio web. Adxuntamos o programa para a s\u00faa consulta.<\/p>\n","protected":false},"author":1,"featured_media":0,"comment_status":"closed","ping_status":"closed","sticky":false,"template":"","format":"standard","meta":{"footnotes":""},"categories":[2],"tags":[],"class_list":["post-2249","post","type-post","status-publish","format-standard","hentry","category-noticias"],"_links":{"self":[{"href":"https:\/\/www.estudioshistoricos.com\/index.php?rest_route=\/wp\/v2\/posts\/2249","targetHints":{"allow":["GET"]}}],"collection":[{"href":"https:\/\/www.estudioshistoricos.com\/index.php?rest_route=\/wp\/v2\/posts"}],"about":[{"href":"https:\/\/www.estudioshistoricos.com\/index.php?rest_route=\/wp\/v2\/types\/post"}],"author":[{"embeddable":true,"href":"https:\/\/www.estudioshistoricos.com\/index.php?rest_route=\/wp\/v2\/users\/1"}],"replies":[{"embeddable":true,"href":"https:\/\/www.estudioshistoricos.com\/index.php?rest_route=%2Fwp%2Fv2%2Fcomments&post=2249"}],"version-history":[{"count":5,"href":"https:\/\/www.estudioshistoricos.com\/index.php?rest_route=\/wp\/v2\/posts\/2249\/revisions"}],"predecessor-version":[{"id":2259,"href":"https:\/\/www.estudioshistoricos.com\/index.php?rest_route=\/wp\/v2\/posts\/2249\/revisions\/2259"}],"wp:attachment":[{"href":"https:\/\/www.estudioshistoricos.com\/index.php?rest_route=%2Fwp%2Fv2%2Fmedia&parent=2249"}],"wp:term":[{"taxonomy":"category","embeddable":true,"href":"https:\/\/www.estudioshistoricos.com\/index.php?rest_route=%2Fwp%2Fv2%2Fcategories&post=2249"},{"taxonomy":"post_tag","embeddable":true,"href":"https:\/\/www.estudioshistoricos.com\/index.php?rest_route=%2Fwp%2Fv2%2Ftags&post=2249"}],"curies":[{"name":"wp","href":"https:\/\/api.w.org\/{rel}","templated":true}]}}