{"id":2235,"date":"2023-06-21T13:41:17","date_gmt":"2023-06-21T13:41:17","guid":{"rendered":"https:\/\/www.estudioshistoricos.com\/?p=2235"},"modified":"2023-06-21T13:41:18","modified_gmt":"2023-06-21T13:41:18","slug":"conferencia-de-rosario-martinez","status":"publish","type":"post","link":"https:\/\/www.estudioshistoricos.com\/?p=2235","title":{"rendered":"Conferencia\u00a0de Rosario Mart\u00ednez"},"content":{"rendered":"\n<p><a href=\"https:\/\/www.estudioshistoricos.com\/?page_id=627\" data-type=\"page\" data-id=\"627\">Rosario Mart\u00ednez<\/a>,\u00a0membro da Directiva da nosa Asociaci\u00f3n, dar\u00e1 unha conferencia en Santiago de Compostela sobre\u00a0<strong>Sof\u00eda Casanova\u00a0o pr\u00f3ximo d\u00eda 22 de xu\u00f1o<\/strong>. A continuaci\u00f3n haber\u00e1 un coloquio.<\/p>\n\n\n<div class=\"wp-block-image\">\n<figure class=\"aligncenter size-medium\"><a href=\"https:\/\/www.estudioshistoricos.com\/wp-content\/uploads\/2023\/06\/conf_22_6_2022.jpg\"><img loading=\"lazy\" decoding=\"async\" width=\"212\" height=\"300\" src=\"https:\/\/www.estudioshistoricos.com\/wp-content\/uploads\/2023\/06\/conf_22_6_2022-212x300.jpg\" alt=\"\" class=\"wp-image-2236\" srcset=\"https:\/\/www.estudioshistoricos.com\/wp-content\/uploads\/2023\/06\/conf_22_6_2022-212x300.jpg 212w, https:\/\/www.estudioshistoricos.com\/wp-content\/uploads\/2023\/06\/conf_22_6_2022-724x1024.jpg 724w, https:\/\/www.estudioshistoricos.com\/wp-content\/uploads\/2023\/06\/conf_22_6_2022-768x1086.jpg 768w, https:\/\/www.estudioshistoricos.com\/wp-content\/uploads\/2023\/06\/conf_22_6_2022-1086x1536.jpg 1086w, https:\/\/www.estudioshistoricos.com\/wp-content\/uploads\/2023\/06\/conf_22_6_2022.jpg 1131w\" sizes=\"auto, (max-width: 212px) 100vw, 212px\" \/><\/a><\/figure>\n<\/div>","protected":false},"excerpt":{"rendered":"<p>Rosario Mart\u00ednez,\u00a0membro da Directiva da nosa Asociaci\u00f3n, dar\u00e1 unha conferencia en Santiago de Compostela sobre\u00a0Sof\u00eda Casanova\u00a0o pr\u00f3ximo d\u00eda 22 de xu\u00f1o. A continuaci\u00f3n haber\u00e1 un coloquio.<\/p>\n","protected":false},"author":1,"featured_media":0,"comment_status":"closed","ping_status":"closed","sticky":false,"template":"","format":"standard","meta":{"footnotes":""},"categories":[2],"tags":[],"class_list":["post-2235","post","type-post","status-publish","format-standard","hentry","category-noticias"],"_links":{"self":[{"href":"https:\/\/www.estudioshistoricos.com\/index.php?rest_route=\/wp\/v2\/posts\/2235","targetHints":{"allow":["GET"]}}],"collection":[{"href":"https:\/\/www.estudioshistoricos.com\/index.php?rest_route=\/wp\/v2\/posts"}],"about":[{"href":"https:\/\/www.estudioshistoricos.com\/index.php?rest_route=\/wp\/v2\/types\/post"}],"author":[{"embeddable":true,"href":"https:\/\/www.estudioshistoricos.com\/index.php?rest_route=\/wp\/v2\/users\/1"}],"replies":[{"embeddable":true,"href":"https:\/\/www.estudioshistoricos.com\/index.php?rest_route=%2Fwp%2Fv2%2Fcomments&post=2235"}],"version-history":[{"count":1,"href":"https:\/\/www.estudioshistoricos.com\/index.php?rest_route=\/wp\/v2\/posts\/2235\/revisions"}],"predecessor-version":[{"id":2237,"href":"https:\/\/www.estudioshistoricos.com\/index.php?rest_route=\/wp\/v2\/posts\/2235\/revisions\/2237"}],"wp:attachment":[{"href":"https:\/\/www.estudioshistoricos.com\/index.php?rest_route=%2Fwp%2Fv2%2Fmedia&parent=2235"}],"wp:term":[{"taxonomy":"category","embeddable":true,"href":"https:\/\/www.estudioshistoricos.com\/index.php?rest_route=%2Fwp%2Fv2%2Fcategories&post=2235"},{"taxonomy":"post_tag","embeddable":true,"href":"https:\/\/www.estudioshistoricos.com\/index.php?rest_route=%2Fwp%2Fv2%2Ftags&post=2235"}],"curies":[{"name":"wp","href":"https:\/\/api.w.org\/{rel}","templated":true}]}}