{"id":2227,"date":"2023-06-04T15:55:10","date_gmt":"2023-06-04T15:55:10","guid":{"rendered":"https:\/\/www.estudioshistoricos.com\/?p=2227"},"modified":"2023-06-04T15:55:10","modified_gmt":"2023-06-04T15:55:10","slug":"actualizacion-do-artigo-la-visita-del-escritor-luis-bello-a-la-escuela-obrera-de-ferrol-en-1929%e2%80%b3","status":"publish","type":"post","link":"https:\/\/www.estudioshistoricos.com\/?p=2227","title":{"rendered":"Actualizaci\u00f3n do artigo \u201cLa visita del escritor Luis Bello a la escuela obrera de Ferrol en 1929\u2033"},"content":{"rendered":"\n<p><a rel=\"noreferrer noopener\" href=\"https:\/\/www.estudioshistoricos.com\/?page_id=1083\" target=\"_blank\">Jos\u00e9 Mar\u00eda L\u00f3pez-Dafonte Sanju\u00e1n<\/a>&nbsp;actualizou o seu artigo <em>\u201c<\/em>La visita del escritor Luis Bello a la escuela obrera de Ferrol en 1929\u201c<\/p>\n\n\n\n<i class=\"fa fa-arrow-circle-o-down \" ><\/i> <a rel=\"noreferrer noopener\" href=\"https:\/\/www.estudioshistoricos.com\/wp-content\/uploads\/2023\/04\/luis_bello_ferrol.pdf\" target=\"_blank\">Descargar publicaci\u00f3n<\/a><\/p>\n","protected":false},"excerpt":{"rendered":"<p>Jos\u00e9 Mar\u00eda L\u00f3pez-Dafonte Sanju\u00e1n&nbsp;actualizou o seu artigo \u201cLa visita del escritor Luis Bello a la escuela obrera de Ferrol en 1929\u201c Descargar publicaci\u00f3n<\/p>\n","protected":false},"author":1,"featured_media":0,"comment_status":"closed","ping_status":"closed","sticky":false,"template":"","format":"standard","meta":{"footnotes":""},"categories":[2],"tags":[],"class_list":["post-2227","post","type-post","status-publish","format-standard","hentry","category-noticias"],"_links":{"self":[{"href":"https:\/\/www.estudioshistoricos.com\/index.php?rest_route=\/wp\/v2\/posts\/2227","targetHints":{"allow":["GET"]}}],"collection":[{"href":"https:\/\/www.estudioshistoricos.com\/index.php?rest_route=\/wp\/v2\/posts"}],"about":[{"href":"https:\/\/www.estudioshistoricos.com\/index.php?rest_route=\/wp\/v2\/types\/post"}],"author":[{"embeddable":true,"href":"https:\/\/www.estudioshistoricos.com\/index.php?rest_route=\/wp\/v2\/users\/1"}],"replies":[{"embeddable":true,"href":"https:\/\/www.estudioshistoricos.com\/index.php?rest_route=%2Fwp%2Fv2%2Fcomments&post=2227"}],"version-history":[{"count":1,"href":"https:\/\/www.estudioshistoricos.com\/index.php?rest_route=\/wp\/v2\/posts\/2227\/revisions"}],"predecessor-version":[{"id":2228,"href":"https:\/\/www.estudioshistoricos.com\/index.php?rest_route=\/wp\/v2\/posts\/2227\/revisions\/2228"}],"wp:attachment":[{"href":"https:\/\/www.estudioshistoricos.com\/index.php?rest_route=%2Fwp%2Fv2%2Fmedia&parent=2227"}],"wp:term":[{"taxonomy":"category","embeddable":true,"href":"https:\/\/www.estudioshistoricos.com\/index.php?rest_route=%2Fwp%2Fv2%2Fcategories&post=2227"},{"taxonomy":"post_tag","embeddable":true,"href":"https:\/\/www.estudioshistoricos.com\/index.php?rest_route=%2Fwp%2Fv2%2Ftags&post=2227"}],"curies":[{"name":"wp","href":"https:\/\/api.w.org\/{rel}","templated":true}]}}