{"id":2127,"date":"2022-11-02T14:22:09","date_gmt":"2022-11-02T14:22:09","guid":{"rendered":"https:\/\/www.estudioshistoricos.com\/?p=2127"},"modified":"2022-11-02T14:22:10","modified_gmt":"2022-11-02T14:22:10","slug":"ciclo-de-conferencias-expedicions-e-viaxes-maritimas-ii-seculos-xvi-xvii","status":"publish","type":"post","link":"https:\/\/www.estudioshistoricos.com\/?p=2127","title":{"rendered":"Ciclo de conferencias: &#8220;Expedici\u00f3ns e viaxes mar\u00edtimas II: (S\u00e9culos XVI-XVII)&#8221;"},"content":{"rendered":"\n<p>A <a href=\"https:\/\/www.coruna.gal\/web\/es\/temas\/sociedad-y-bienestar\/ocio-y-cultura\/equipamientos-de-ocio\/equipamiento\/biblioteca-de-la-casa-consulado\/entidad\/1149055941086?argIdioma=es\" target=\"_blank\" rel=\"noreferrer noopener\">Fundaci\u00f3n Biblioteca da Casa Consulado<\/a> organiza este ano un ciclo de conferencias, <strong>&#8220;Expedici\u00f3ns e viaxes mar\u00edtimas II: (S\u00e9culos XVI-XVII)&#8221;<\/strong> que se celebrar\u00e1n os xoves 3, 10,17 e 24 de novembro, \u00e1s 19.30 h., na veci\u00f1a <a rel=\"noreferrer noopener\" href=\"https:\/\/goo.gl\/maps\/wM1qWQwgx6kgjQU96\" target=\"_blank\">igrexa das Capuchinas<\/a>.<\/p>\n\n\n\n<p>A duraci\u00f3n estimada \u00e9 de 45 minutos; seguidas dun breve coloquio.<\/p>\n\n\n\n<p>A entrada \u00e9 gratu\u00edta. Requ\u00edrese inscrici\u00f3n previa, ao estar limitado o aforo, por calquera dos seguintes medios:<\/p>\n\n\n\n<ul class=\"wp-block-list\"><li>Cubrindo o formulario <a rel=\"noreferrer noopener\" href=\"https:\/\/www.bibliotecacasaconsulado.com\/actividades\/axenda-e-novas\" target=\"_blank\">no seguinte enlace<\/a>. <\/li><li>Enviando correo electr\u00f3nico a &#x62;&#x69;&#x62;&#x6c;&#x69;&#x6f;&#x63;&#x61;&#x73;&#x61;&#x63;&#x6f;&#x6e;&#x73;&#x75;&#x6c;&#x61;&#x64;&#x6f;&#x40;&#x67;&#x6d;&#97;&#105;&#108;&#46;&#99;&#111;&#109;<\/li><li>Ou chamando en horario de apertura da biblioteca ao 981206274<\/li><\/ul>\n\n\n\n<figure class=\"wp-block-gallery has-nested-images columns-default is-cropped wp-block-gallery-1 is-layout-flex wp-block-gallery-is-layout-flex\">\n<figure class=\"wp-block-image size-large\"><a href=\"https:\/\/www.estudioshistoricos.com\/wp-content\/uploads\/2022\/11\/triptico_gal_2022_1.jpg\"><img loading=\"lazy\" decoding=\"async\" width=\"841\" height=\"595\" data-id=\"2128\" src=\"https:\/\/www.estudioshistoricos.com\/wp-content\/uploads\/2022\/11\/triptico_gal_2022_1.jpg\" alt=\"\" class=\"wp-image-2128\" srcset=\"https:\/\/www.estudioshistoricos.com\/wp-content\/uploads\/2022\/11\/triptico_gal_2022_1.jpg 841w, https:\/\/www.estudioshistoricos.com\/wp-content\/uploads\/2022\/11\/triptico_gal_2022_1-300x212.jpg 300w, https:\/\/www.estudioshistoricos.com\/wp-content\/uploads\/2022\/11\/triptico_gal_2022_1-768x543.jpg 768w\" sizes=\"auto, (max-width: 841px) 100vw, 841px\" \/><\/a><\/figure>\n\n\n\n<figure class=\"wp-block-image size-large\"><a href=\"https:\/\/www.estudioshistoricos.com\/wp-content\/uploads\/2022\/11\/triptico_gal_2022_2.jpg\"><img loading=\"lazy\" decoding=\"async\" width=\"841\" height=\"595\" data-id=\"2129\" src=\"https:\/\/www.estudioshistoricos.com\/wp-content\/uploads\/2022\/11\/triptico_gal_2022_2.jpg\" alt=\"\" class=\"wp-image-2129\" srcset=\"https:\/\/www.estudioshistoricos.com\/wp-content\/uploads\/2022\/11\/triptico_gal_2022_2.jpg 841w, https:\/\/www.estudioshistoricos.com\/wp-content\/uploads\/2022\/11\/triptico_gal_2022_2-300x212.jpg 300w, https:\/\/www.estudioshistoricos.com\/wp-content\/uploads\/2022\/11\/triptico_gal_2022_2-768x543.jpg 768w\" sizes=\"auto, (max-width: 841px) 100vw, 841px\" \/><\/a><\/figure>\n<\/figure>\n","protected":false},"excerpt":{"rendered":"<p>A Fundaci\u00f3n Biblioteca da Casa Consulado organiza este ano un ciclo de conferencias, &#8220;Expedici\u00f3ns e viaxes mar\u00edtimas II: (S\u00e9culos XVI-XVII)&#8221; que se celebrar\u00e1n os xoves 3, 10,17 e 24 de novembro, \u00e1s 19.30 h., na veci\u00f1a igrexa das Capuchinas. A duraci\u00f3n estimada \u00e9 de 45 minutos; seguidas dun breve coloquio. A entrada \u00e9 gratu\u00edta. Requ\u00edrese &hellip; <a href=\"https:\/\/www.estudioshistoricos.com\/?p=2127\">Continue reading <span class=\"meta-nav\">&rarr;<\/span><\/a><\/p>\n","protected":false},"author":1,"featured_media":0,"comment_status":"closed","ping_status":"closed","sticky":false,"template":"","format":"standard","meta":{"footnotes":""},"categories":[2],"tags":[],"class_list":["post-2127","post","type-post","status-publish","format-standard","hentry","category-noticias"],"_links":{"self":[{"href":"https:\/\/www.estudioshistoricos.com\/index.php?rest_route=\/wp\/v2\/posts\/2127","targetHints":{"allow":["GET"]}}],"collection":[{"href":"https:\/\/www.estudioshistoricos.com\/index.php?rest_route=\/wp\/v2\/posts"}],"about":[{"href":"https:\/\/www.estudioshistoricos.com\/index.php?rest_route=\/wp\/v2\/types\/post"}],"author":[{"embeddable":true,"href":"https:\/\/www.estudioshistoricos.com\/index.php?rest_route=\/wp\/v2\/users\/1"}],"replies":[{"embeddable":true,"href":"https:\/\/www.estudioshistoricos.com\/index.php?rest_route=%2Fwp%2Fv2%2Fcomments&post=2127"}],"version-history":[{"count":1,"href":"https:\/\/www.estudioshistoricos.com\/index.php?rest_route=\/wp\/v2\/posts\/2127\/revisions"}],"predecessor-version":[{"id":2130,"href":"https:\/\/www.estudioshistoricos.com\/index.php?rest_route=\/wp\/v2\/posts\/2127\/revisions\/2130"}],"wp:attachment":[{"href":"https:\/\/www.estudioshistoricos.com\/index.php?rest_route=%2Fwp%2Fv2%2Fmedia&parent=2127"}],"wp:term":[{"taxonomy":"category","embeddable":true,"href":"https:\/\/www.estudioshistoricos.com\/index.php?rest_route=%2Fwp%2Fv2%2Fcategories&post=2127"},{"taxonomy":"post_tag","embeddable":true,"href":"https:\/\/www.estudioshistoricos.com\/index.php?rest_route=%2Fwp%2Fv2%2Ftags&post=2127"}],"curies":[{"name":"wp","href":"https:\/\/api.w.org\/{rel}","templated":true}]}}