{"id":2067,"date":"2022-05-27T13:49:09","date_gmt":"2022-05-27T13:49:09","guid":{"rendered":"https:\/\/www.estudioshistoricos.com\/?p=2067"},"modified":"2022-05-27T18:29:53","modified_gmt":"2022-05-27T18:29:53","slug":"presentacion-la-carabela-san-lesmes","status":"publish","type":"post","link":"https:\/\/www.estudioshistoricos.com\/?p=2067","title":{"rendered":"Presentaci\u00f3n La Carabela San Lesmes"},"content":{"rendered":"\n<p><a rel=\"noreferrer noopener\" href=\"https:\/\/www.planetadelibros.com\/editorial\/editorial-critica\/1\" target=\"_blank\">Editorial Cr\u00edtica<\/a> e Librer\u00eda Arenas te\u00f1en o pracer de convidarvos \u00e1 presentaci\u00f3n do libro: <strong>&#8220;La Carabela San Lesmes&#8221;<\/strong> de <strong>Luis Gorrochategui<\/strong>, presentado por <strong>Manuel Arenas Roca<\/strong> e <strong>Juan Granados Louresa<\/strong> o mercores, 1 de xu\u00f1o \u00e1s 20:00 horas no <a rel=\"noreferrer noopener\" href=\"https:\/\/sportingclubcasino.es\" target=\"_blank\">Sporting Club Casino da Coru\u00f1a<\/a>.<\/p>\n\n\n\n<div class=\"wp-block-image\"><figure class=\"aligncenter size-large\"><a href=\"https:\/\/www.estudioshistoricos.com\/wp-content\/uploads\/2022\/05\/carabela_san_lesmes.jpg\"><img loading=\"lazy\" decoding=\"async\" width=\"1024\" height=\"478\" src=\"https:\/\/www.estudioshistoricos.com\/wp-content\/uploads\/2022\/05\/carabela_san_lesmes-1024x478.jpg\" alt=\"\" class=\"wp-image-2068\" srcset=\"https:\/\/www.estudioshistoricos.com\/wp-content\/uploads\/2022\/05\/carabela_san_lesmes-1024x478.jpg 1024w, https:\/\/www.estudioshistoricos.com\/wp-content\/uploads\/2022\/05\/carabela_san_lesmes-300x140.jpg 300w, https:\/\/www.estudioshistoricos.com\/wp-content\/uploads\/2022\/05\/carabela_san_lesmes-768x359.jpg 768w, https:\/\/www.estudioshistoricos.com\/wp-content\/uploads\/2022\/05\/carabela_san_lesmes-1536x717.jpg 1536w, https:\/\/www.estudioshistoricos.com\/wp-content\/uploads\/2022\/05\/carabela_san_lesmes.jpg 2048w\" sizes=\"auto, (max-width: 1024px) 100vw, 1024px\" \/><\/a><\/figure><\/div>\n","protected":false},"excerpt":{"rendered":"<p>Editorial Cr\u00edtica e Librer\u00eda Arenas te\u00f1en o pracer de convidarvos \u00e1 presentaci\u00f3n do libro: &#8220;La Carabela San Lesmes&#8221; de Luis Gorrochategui, presentado por Manuel Arenas Roca e Juan Granados Louresa o mercores, 1 de xu\u00f1o \u00e1s 20:00 horas no Sporting Club Casino da Coru\u00f1a.<\/p>\n","protected":false},"author":1,"featured_media":0,"comment_status":"closed","ping_status":"closed","sticky":false,"template":"","format":"standard","meta":{"footnotes":""},"categories":[2],"tags":[],"class_list":["post-2067","post","type-post","status-publish","format-standard","hentry","category-noticias"],"_links":{"self":[{"href":"https:\/\/www.estudioshistoricos.com\/index.php?rest_route=\/wp\/v2\/posts\/2067","targetHints":{"allow":["GET"]}}],"collection":[{"href":"https:\/\/www.estudioshistoricos.com\/index.php?rest_route=\/wp\/v2\/posts"}],"about":[{"href":"https:\/\/www.estudioshistoricos.com\/index.php?rest_route=\/wp\/v2\/types\/post"}],"author":[{"embeddable":true,"href":"https:\/\/www.estudioshistoricos.com\/index.php?rest_route=\/wp\/v2\/users\/1"}],"replies":[{"embeddable":true,"href":"https:\/\/www.estudioshistoricos.com\/index.php?rest_route=%2Fwp%2Fv2%2Fcomments&post=2067"}],"version-history":[{"count":2,"href":"https:\/\/www.estudioshistoricos.com\/index.php?rest_route=\/wp\/v2\/posts\/2067\/revisions"}],"predecessor-version":[{"id":2070,"href":"https:\/\/www.estudioshistoricos.com\/index.php?rest_route=\/wp\/v2\/posts\/2067\/revisions\/2070"}],"wp:attachment":[{"href":"https:\/\/www.estudioshistoricos.com\/index.php?rest_route=%2Fwp%2Fv2%2Fmedia&parent=2067"}],"wp:term":[{"taxonomy":"category","embeddable":true,"href":"https:\/\/www.estudioshistoricos.com\/index.php?rest_route=%2Fwp%2Fv2%2Fcategories&post=2067"},{"taxonomy":"post_tag","embeddable":true,"href":"https:\/\/www.estudioshistoricos.com\/index.php?rest_route=%2Fwp%2Fv2%2Ftags&post=2067"}],"curies":[{"name":"wp","href":"https:\/\/api.w.org\/{rel}","templated":true}]}}