{"id":2056,"date":"2022-05-19T18:20:50","date_gmt":"2022-05-19T18:20:50","guid":{"rendered":"https:\/\/www.estudioshistoricos.com\/?p=2056"},"modified":"2022-05-19T18:20:51","modified_gmt":"2022-05-19T18:20:51","slug":"celebracion-do-dia-dos-museos-na-casa-museo-emilia-pardo-bazan","status":"publish","type":"post","link":"https:\/\/www.estudioshistoricos.com\/?p=2056","title":{"rendered":"Celebraci\u00f3n do d\u00eda dos museos na Casa-Museo Emilia Pardo Baz\u00e1n"},"content":{"rendered":"\n<figure class=\"wp-block-image size-large\"><a href=\"https:\/\/www.estudioshistoricos.com\/wp-content\/uploads\/2022\/05\/cartel_dia_museos.jpg\"><img loading=\"lazy\" decoding=\"async\" width=\"1024\" height=\"724\" src=\"https:\/\/www.estudioshistoricos.com\/wp-content\/uploads\/2022\/05\/cartel_dia_museos-1024x724.jpg\" alt=\"\" class=\"wp-image-2057\" srcset=\"https:\/\/www.estudioshistoricos.com\/wp-content\/uploads\/2022\/05\/cartel_dia_museos-1024x724.jpg 1024w, https:\/\/www.estudioshistoricos.com\/wp-content\/uploads\/2022\/05\/cartel_dia_museos-300x212.jpg 300w, https:\/\/www.estudioshistoricos.com\/wp-content\/uploads\/2022\/05\/cartel_dia_museos-768x543.jpg 768w, https:\/\/www.estudioshistoricos.com\/wp-content\/uploads\/2022\/05\/cartel_dia_museos-1536x1086.jpg 1536w, https:\/\/www.estudioshistoricos.com\/wp-content\/uploads\/2022\/05\/cartel_dia_museos.jpg 1754w\" sizes=\"auto, (max-width: 1024px) 100vw, 1024px\" \/><\/a><\/figure>\n","protected":false},"excerpt":{"rendered":"","protected":false},"author":1,"featured_media":0,"comment_status":"closed","ping_status":"closed","sticky":false,"template":"","format":"standard","meta":{"footnotes":""},"categories":[2],"tags":[],"class_list":["post-2056","post","type-post","status-publish","format-standard","hentry","category-noticias"],"_links":{"self":[{"href":"https:\/\/www.estudioshistoricos.com\/index.php?rest_route=\/wp\/v2\/posts\/2056","targetHints":{"allow":["GET"]}}],"collection":[{"href":"https:\/\/www.estudioshistoricos.com\/index.php?rest_route=\/wp\/v2\/posts"}],"about":[{"href":"https:\/\/www.estudioshistoricos.com\/index.php?rest_route=\/wp\/v2\/types\/post"}],"author":[{"embeddable":true,"href":"https:\/\/www.estudioshistoricos.com\/index.php?rest_route=\/wp\/v2\/users\/1"}],"replies":[{"embeddable":true,"href":"https:\/\/www.estudioshistoricos.com\/index.php?rest_route=%2Fwp%2Fv2%2Fcomments&post=2056"}],"version-history":[{"count":1,"href":"https:\/\/www.estudioshistoricos.com\/index.php?rest_route=\/wp\/v2\/posts\/2056\/revisions"}],"predecessor-version":[{"id":2058,"href":"https:\/\/www.estudioshistoricos.com\/index.php?rest_route=\/wp\/v2\/posts\/2056\/revisions\/2058"}],"wp:attachment":[{"href":"https:\/\/www.estudioshistoricos.com\/index.php?rest_route=%2Fwp%2Fv2%2Fmedia&parent=2056"}],"wp:term":[{"taxonomy":"category","embeddable":true,"href":"https:\/\/www.estudioshistoricos.com\/index.php?rest_route=%2Fwp%2Fv2%2Fcategories&post=2056"},{"taxonomy":"post_tag","embeddable":true,"href":"https:\/\/www.estudioshistoricos.com\/index.php?rest_route=%2Fwp%2Fv2%2Ftags&post=2056"}],"curies":[{"name":"wp","href":"https:\/\/api.w.org\/{rel}","templated":true}]}}