{"id":2050,"date":"2022-05-08T05:43:27","date_gmt":"2022-05-08T05:43:27","guid":{"rendered":"https:\/\/www.estudioshistoricos.com\/?p=2050"},"modified":"2022-05-08T09:24:04","modified_gmt":"2022-05-08T09:24:04","slug":"in-memoriam-gregorio-casado","status":"publish","type":"post","link":"https:\/\/www.estudioshistoricos.com\/?p=2050","title":{"rendered":"In Memoriam Gregorio Casado"},"content":{"rendered":"\n<p>C\u00famprese un mes do pasamento do noso estimado colega Gregorio Casado Gonz\u00e1lez (1960-2022), unha perda para a comunidade investigadora galega que nos causou fonda tristura.<\/p>\n\n\n\n<p>Gregorio, Goyo para os amigos, era licenciado en Xeograf\u00eda e Historia pola Universidade de Santiago de Compostela. Experto co\u00f1ecedor do Arquivo do Reino de Galicia, da Fundaci\u00f3n Penzol -que lle dedicou un <a href=\"https:\/\/www.facebook.com\/1594646217512903\/posts\/3010795792564598\/\">recordo agarimoso<\/a>&#8211; e de tantos outros centros de referencia (AHN, Chanciller\u00eda, Simancas, etc.), <a href=\"https:\/\/dialnet.unirioja.es\/servlet\/autor?codigo=81679\">estudou a xuder\u00eda de Ribadavia, o balneario de Carballo, a historia antiga do Barbanza<\/a>, a batalla de Rande, o campo de concentraci\u00f3n de Camposancos, as actas das Xuntas do Reino de Galicia, os fondos do <a href=\"https:\/\/archivium-sancti-iacobi.blogspot.com\/2011\/03\/la-ciudad-de-compostela-en-el-siglo-xv.html\">Arquivo Catedralicio<\/a>, abordou o legado documental de c\u00e9lebres persoeiros galegos e a descrici\u00f3n informatizada do COAG&#8230;<\/p>\n\n\n\n<p>Deixa pois un <a href=\"https:\/\/es.linkedin.com\/in\/gregorio-casado-gonz%C3%A1lez-aa2a33207\">ronsel de traballos<\/a> que recomendamos consultar. Ademais ostentou o cargo de <a href=\"https:\/\/www.cdlg.es\/fondo-pesar-polo-pasamento-de-gregorio-casado-tesoureiro-do-cdlg\/\">tesoureiro do Colexio de Doutores e Licenciados en Filosof\u00eda e Letras e en Ciencias de Galicia<\/a>, onde era moi apreciado.<\/p>\n\n\n\n<p>Al\u00e9n da s\u00faa experiencia en arquiv\u00edstica e dos seus co\u00f1ecementos paleogr\u00e1ficos foi un especialista no aspecto documental dos montes en Galicia, e serviu como perito para a defensa dos intereses de comunidades veci\u00f1ais en diversos preitos, abordando as fontes catastrais a prol dos dereitos da cidadan\u00eda. Causas xustas polo ben com\u00fan que son a forma m\u00e1is bela que temos de lembralo.<\/p>\n\n\n\n<p>Fiel lector de medios franc\u00f3fonos, ademais de estudoso vocacional e profisional reco\u00f1ecido no seu labor, caracterizouse por ser desprendido e atento: sempre disposto a compartir o seu co\u00f1ecemento, recursos e ferramentas con compa\u00f1eiros no eido da investigaci\u00f3n e a botar unha man cando se precisaba, tam\u00e9n con membros da nosa Asociaci\u00f3n de Estudos Hist\u00f3ricos de Galicia. Jos\u00e9 Enrique Benlloch del R\u00edo di que &#8220;desde a pena de perder un colega, s\u00famome aos co\u00f1ecidos de Goyo que comparten este sentimento&#8221; e l\u00e9mbrao as\u00ed: &#8220;A s\u00faa mestr\u00eda na paleograf\u00eda, a s\u00faa xenerosidade na axuda a descifrar esas dif\u00edciles abreviaturas obrig\u00e1bame a ter a disponibilidade para con el todos os d\u00edas do ano. Non \u00e9 f\u00e1cil asumir a s\u00faa ausencia, non \u00e9. Compartiamos transcrici\u00f3ns e, candos nos enviabamos alg\u00fan texto enrevesado para revisi\u00f3n, moitas veces mostraba sorpresa con humor mais nunca fallaba a s\u00faa frase <em>M\u00e1ndamo para aqu\u00ed<\/em>, non se daba por vencido ata resolvelo.&#8221;<\/p>\n\n\n\n<p>Celebramos ter compartido con algu\u00e9n da s\u00faa val\u00eda persoal e profisional encontros, tertulias e an\u00e1lises. Perdemos un dos bos e xenerosos. Queda connosco a t\u00faa lembranza e o teu bo facer, non te esqueceremos nin a ti nin o que aprendemos traballando contigo, amigo Goyo.<\/p>\n\n\n\n<div class=\"wp-block-image\"><figure class=\"aligncenter size-full\"><a href=\"https:\/\/www.estudioshistoricos.com\/wp-content\/uploads\/2022\/05\/memoriam_gregorio.jpg\"><img loading=\"lazy\" decoding=\"async\" width=\"918\" height=\"610\" src=\"https:\/\/www.estudioshistoricos.com\/wp-content\/uploads\/2022\/05\/memoriam_gregorio.jpg\" alt=\"\" class=\"wp-image-2051\" srcset=\"https:\/\/www.estudioshistoricos.com\/wp-content\/uploads\/2022\/05\/memoriam_gregorio.jpg 918w, https:\/\/www.estudioshistoricos.com\/wp-content\/uploads\/2022\/05\/memoriam_gregorio-300x199.jpg 300w, https:\/\/www.estudioshistoricos.com\/wp-content\/uploads\/2022\/05\/memoriam_gregorio-768x510.jpg 768w, https:\/\/www.estudioshistoricos.com\/wp-content\/uploads\/2022\/05\/memoriam_gregorio-120x80.jpg 120w\" sizes=\"auto, (max-width: 918px) 100vw, 918px\" \/><\/a><figcaption>Nun encontro auspiciado pola USC, de esquerda a dereita, Juan Manuel V\u00e1zquez Sobrado, \u00d3scar Gonz\u00e1lez Murado, o propio Gregorio Casado Gonz\u00e1lez, Gonzalo Francisco Fern\u00e1ndez Su\u00e1rez, Rosal\u00eda Casti\u00f1eira Quint\u00e1ns e Jos\u00e9 Enrique Benlloch del R\u00edo.<\/figcaption><\/figure><\/div>\n","protected":false},"excerpt":{"rendered":"<p>C\u00famprese un mes do pasamento do noso estimado colega Gregorio Casado Gonz\u00e1lez (1960-2022), unha perda para a comunidade investigadora galega que nos causou fonda tristura. Gregorio, Goyo para os amigos, era licenciado en Xeograf\u00eda e Historia pola Universidade de Santiago de Compostela. Experto co\u00f1ecedor do Arquivo do Reino de Galicia, da Fundaci\u00f3n Penzol -que lle &hellip; <a href=\"https:\/\/www.estudioshistoricos.com\/?p=2050\">Continue reading <span class=\"meta-nav\">&rarr;<\/span><\/a><\/p>\n","protected":false},"author":1,"featured_media":0,"comment_status":"closed","ping_status":"closed","sticky":false,"template":"","format":"standard","meta":{"footnotes":""},"categories":[2],"tags":[],"class_list":["post-2050","post","type-post","status-publish","format-standard","hentry","category-noticias"],"_links":{"self":[{"href":"https:\/\/www.estudioshistoricos.com\/index.php?rest_route=\/wp\/v2\/posts\/2050","targetHints":{"allow":["GET"]}}],"collection":[{"href":"https:\/\/www.estudioshistoricos.com\/index.php?rest_route=\/wp\/v2\/posts"}],"about":[{"href":"https:\/\/www.estudioshistoricos.com\/index.php?rest_route=\/wp\/v2\/types\/post"}],"author":[{"embeddable":true,"href":"https:\/\/www.estudioshistoricos.com\/index.php?rest_route=\/wp\/v2\/users\/1"}],"replies":[{"embeddable":true,"href":"https:\/\/www.estudioshistoricos.com\/index.php?rest_route=%2Fwp%2Fv2%2Fcomments&post=2050"}],"version-history":[{"count":3,"href":"https:\/\/www.estudioshistoricos.com\/index.php?rest_route=\/wp\/v2\/posts\/2050\/revisions"}],"predecessor-version":[{"id":2054,"href":"https:\/\/www.estudioshistoricos.com\/index.php?rest_route=\/wp\/v2\/posts\/2050\/revisions\/2054"}],"wp:attachment":[{"href":"https:\/\/www.estudioshistoricos.com\/index.php?rest_route=%2Fwp%2Fv2%2Fmedia&parent=2050"}],"wp:term":[{"taxonomy":"category","embeddable":true,"href":"https:\/\/www.estudioshistoricos.com\/index.php?rest_route=%2Fwp%2Fv2%2Fcategories&post=2050"},{"taxonomy":"post_tag","embeddable":true,"href":"https:\/\/www.estudioshistoricos.com\/index.php?rest_route=%2Fwp%2Fv2%2Ftags&post=2050"}],"curies":[{"name":"wp","href":"https:\/\/api.w.org\/{rel}","templated":true}]}}