{"id":2027,"date":"2022-03-15T14:31:54","date_gmt":"2022-03-15T14:31:54","guid":{"rendered":"https:\/\/www.estudioshistoricos.com\/?p=2027"},"modified":"2022-03-15T14:31:55","modified_gmt":"2022-03-15T14:31:55","slug":"homenaxe-a-xose-ramon-barreiro-fernandez","status":"publish","type":"post","link":"https:\/\/www.estudioshistoricos.com\/?p=2027","title":{"rendered":"Homenaxe a Xos\u00e9 Ram\u00f3n Barreiro Fern\u00e1ndez"},"content":{"rendered":"\n<p>Homenaxe da <a href=\"https:\/\/academia.gal\/inicio\" target=\"_blank\" rel=\"noreferrer noopener\">Real Academia Galega<\/a> ao acad\u00e9mico e Profesor <a href=\"https:\/\/es.wikipedia.org\/wiki\/Xos\u00e9_Ram\u00f3n_Barreiro\" data-type=\"URL\" data-id=\"https:\/\/es.wikipedia.org\/wiki\/Xos\u00e9_Ram\u00f3n_Barreiro\" target=\"_blank\" rel=\"noreferrer noopener\">Xos\u00e9 Ram\u00f3n Barreiro Fern\u00e1ndez<\/a> o 17 de marzo de 2022 \u00e1s 17:00 horas na <a href=\"https:\/\/goo.gl\/maps\/jwtVT5yeQVeaSmGA6\" target=\"_blank\" rel=\"noreferrer noopener\">Real Academia Galega, Rua Tabernas 11, A Coru\u00f1a.<\/a><\/p>\n\n\n\n<div class=\"wp-block-image\"><figure class=\"aligncenter size-large\"><a href=\"https:\/\/www.estudioshistoricos.com\/wp-content\/uploads\/2022\/03\/homenaxe_berreiro.jpg\"><img loading=\"lazy\" decoding=\"async\" width=\"1024\" height=\"724\" src=\"https:\/\/www.estudioshistoricos.com\/wp-content\/uploads\/2022\/03\/homenaxe_berreiro-1024x724.jpg\" alt=\"\" class=\"wp-image-2028\" srcset=\"https:\/\/www.estudioshistoricos.com\/wp-content\/uploads\/2022\/03\/homenaxe_berreiro-1024x724.jpg 1024w, https:\/\/www.estudioshistoricos.com\/wp-content\/uploads\/2022\/03\/homenaxe_berreiro-300x212.jpg 300w, https:\/\/www.estudioshistoricos.com\/wp-content\/uploads\/2022\/03\/homenaxe_berreiro-768x543.jpg 768w, https:\/\/www.estudioshistoricos.com\/wp-content\/uploads\/2022\/03\/homenaxe_berreiro.jpg 1080w\" sizes=\"auto, (max-width: 1024px) 100vw, 1024px\" \/><\/a><\/figure><\/div>\n","protected":false},"excerpt":{"rendered":"<p>Homenaxe da Real Academia Galega ao acad\u00e9mico e Profesor Xos\u00e9 Ram\u00f3n Barreiro Fern\u00e1ndez o 17 de marzo de 2022 \u00e1s 17:00 horas na Real Academia Galega, Rua Tabernas 11, A Coru\u00f1a.<\/p>\n","protected":false},"author":1,"featured_media":0,"comment_status":"closed","ping_status":"closed","sticky":false,"template":"","format":"standard","meta":{"footnotes":""},"categories":[2],"tags":[],"class_list":["post-2027","post","type-post","status-publish","format-standard","hentry","category-noticias"],"_links":{"self":[{"href":"https:\/\/www.estudioshistoricos.com\/index.php?rest_route=\/wp\/v2\/posts\/2027","targetHints":{"allow":["GET"]}}],"collection":[{"href":"https:\/\/www.estudioshistoricos.com\/index.php?rest_route=\/wp\/v2\/posts"}],"about":[{"href":"https:\/\/www.estudioshistoricos.com\/index.php?rest_route=\/wp\/v2\/types\/post"}],"author":[{"embeddable":true,"href":"https:\/\/www.estudioshistoricos.com\/index.php?rest_route=\/wp\/v2\/users\/1"}],"replies":[{"embeddable":true,"href":"https:\/\/www.estudioshistoricos.com\/index.php?rest_route=%2Fwp%2Fv2%2Fcomments&post=2027"}],"version-history":[{"count":1,"href":"https:\/\/www.estudioshistoricos.com\/index.php?rest_route=\/wp\/v2\/posts\/2027\/revisions"}],"predecessor-version":[{"id":2029,"href":"https:\/\/www.estudioshistoricos.com\/index.php?rest_route=\/wp\/v2\/posts\/2027\/revisions\/2029"}],"wp:attachment":[{"href":"https:\/\/www.estudioshistoricos.com\/index.php?rest_route=%2Fwp%2Fv2%2Fmedia&parent=2027"}],"wp:term":[{"taxonomy":"category","embeddable":true,"href":"https:\/\/www.estudioshistoricos.com\/index.php?rest_route=%2Fwp%2Fv2%2Fcategories&post=2027"},{"taxonomy":"post_tag","embeddable":true,"href":"https:\/\/www.estudioshistoricos.com\/index.php?rest_route=%2Fwp%2Fv2%2Ftags&post=2027"}],"curies":[{"name":"wp","href":"https:\/\/api.w.org\/{rel}","templated":true}]}}