{"id":1825,"date":"2021-06-14T15:23:02","date_gmt":"2021-06-14T15:23:02","guid":{"rendered":"https:\/\/www.estudioshistoricos.com\/?p=1825"},"modified":"2021-06-14T15:23:03","modified_gmt":"2021-06-14T15:23:03","slug":"presentacion-do-libro-la-otra-coruna-la-ciudad-de-ls-territorios-do-socio-arturo-abad","status":"publish","type":"post","link":"https:\/\/www.estudioshistoricos.com\/?p=1825","title":{"rendered":"Presentaci\u00f3n do libro &#8220;La otra Coru\u00f1a, la ciudad de ls territorios&#8221;,  do socio Arturo Abad"},"content":{"rendered":"\n<p>Presentaci\u00f3n do libro &#8220;La otra Coru\u00f1a, la ciudad de ls territorios&#8221;, do socio <strong>Arturo Abad<\/strong>, coa intervenci\u00f3n de <strong>M\u00aa de la O Su\u00e1rez<\/strong>, arquiveira e cronista oficial da Coru\u00f1a, e de <strong>Jos\u00e9 Ram\u00f3n Calvet<\/strong>e, presidente da Asociaci\u00f3n de veci\u00f1os de S. Pedro de Visma.<\/p>\n\n\n\n<p>Ter\u00e1 lugar o pr\u00f3ximo <strong>22 de xu\u00f1o \u00e1s 20 h. na Delegaci\u00f3n Territorial da ONCE<\/strong>, r\/ Cant\u00f3n peque\u00f1o, 3 A Coru\u00f1a.<\/p>\n\n\n\n<p>Reserva de exemplares en tfno.. 981.22 24 42.<\/p>\n\n\n\n<div class=\"wp-block-image\"><figure class=\"aligncenter size-medium\"><a href=\"https:\/\/www.estudioshistoricos.com\/wp-content\/uploads\/2021\/06\/arturo_abad.jpg\"><img loading=\"lazy\" decoding=\"async\" width=\"300\" height=\"140\" src=\"https:\/\/www.estudioshistoricos.com\/wp-content\/uploads\/2021\/06\/arturo_abad-300x140.jpg\" alt=\"\" class=\"wp-image-1826\" srcset=\"https:\/\/www.estudioshistoricos.com\/wp-content\/uploads\/2021\/06\/arturo_abad-300x140.jpg 300w, https:\/\/www.estudioshistoricos.com\/wp-content\/uploads\/2021\/06\/arturo_abad-1024x477.jpg 1024w, https:\/\/www.estudioshistoricos.com\/wp-content\/uploads\/2021\/06\/arturo_abad-768x358.jpg 768w, https:\/\/www.estudioshistoricos.com\/wp-content\/uploads\/2021\/06\/arturo_abad-1536x716.jpg 1536w, https:\/\/www.estudioshistoricos.com\/wp-content\/uploads\/2021\/06\/arturo_abad.jpg 1600w\" sizes=\"auto, (max-width: 300px) 100vw, 300px\" \/><\/a><\/figure><\/div>\n\n\n\n<p><\/p>\n","protected":false},"excerpt":{"rendered":"<p>Presentaci\u00f3n do libro &#8220;La otra Coru\u00f1a, la ciudad de ls territorios&#8221;, do socio Arturo Abad, coa intervenci\u00f3n de M\u00aa de la O Su\u00e1rez, arquiveira e cronista oficial da Coru\u00f1a, e de Jos\u00e9 Ram\u00f3n Calvete, presidente da Asociaci\u00f3n de veci\u00f1os de S. Pedro de Visma. Ter\u00e1 lugar o pr\u00f3ximo 22 de xu\u00f1o \u00e1s 20 h. na &hellip; <a href=\"https:\/\/www.estudioshistoricos.com\/?p=1825\">Continue reading <span class=\"meta-nav\">&rarr;<\/span><\/a><\/p>\n","protected":false},"author":1,"featured_media":0,"comment_status":"closed","ping_status":"closed","sticky":false,"template":"","format":"standard","meta":{"footnotes":""},"categories":[2],"tags":[],"class_list":["post-1825","post","type-post","status-publish","format-standard","hentry","category-noticias"],"_links":{"self":[{"href":"https:\/\/www.estudioshistoricos.com\/index.php?rest_route=\/wp\/v2\/posts\/1825","targetHints":{"allow":["GET"]}}],"collection":[{"href":"https:\/\/www.estudioshistoricos.com\/index.php?rest_route=\/wp\/v2\/posts"}],"about":[{"href":"https:\/\/www.estudioshistoricos.com\/index.php?rest_route=\/wp\/v2\/types\/post"}],"author":[{"embeddable":true,"href":"https:\/\/www.estudioshistoricos.com\/index.php?rest_route=\/wp\/v2\/users\/1"}],"replies":[{"embeddable":true,"href":"https:\/\/www.estudioshistoricos.com\/index.php?rest_route=%2Fwp%2Fv2%2Fcomments&post=1825"}],"version-history":[{"count":1,"href":"https:\/\/www.estudioshistoricos.com\/index.php?rest_route=\/wp\/v2\/posts\/1825\/revisions"}],"predecessor-version":[{"id":1827,"href":"https:\/\/www.estudioshistoricos.com\/index.php?rest_route=\/wp\/v2\/posts\/1825\/revisions\/1827"}],"wp:attachment":[{"href":"https:\/\/www.estudioshistoricos.com\/index.php?rest_route=%2Fwp%2Fv2%2Fmedia&parent=1825"}],"wp:term":[{"taxonomy":"category","embeddable":true,"href":"https:\/\/www.estudioshistoricos.com\/index.php?rest_route=%2Fwp%2Fv2%2Fcategories&post=1825"},{"taxonomy":"post_tag","embeddable":true,"href":"https:\/\/www.estudioshistoricos.com\/index.php?rest_route=%2Fwp%2Fv2%2Ftags&post=1825"}],"curies":[{"name":"wp","href":"https:\/\/api.w.org\/{rel}","templated":true}]}}