{"id":1683,"date":"2020-09-17T15:35:02","date_gmt":"2020-09-17T15:35:02","guid":{"rendered":"https:\/\/www.estudioshistoricos.com\/?p=1683"},"modified":"2020-09-17T15:35:03","modified_gmt":"2020-09-17T15:35:03","slug":"exposicion-750-anos-construindo-a-historia-de-pontedeume","status":"publish","type":"post","link":"https:\/\/www.estudioshistoricos.com\/?p=1683","title":{"rendered":"Exposici\u00f3n 750 anos constru\u00edndo a Historia de Pontedeume"},"content":{"rendered":"\n<p>Sempre vale a pena visitar Pontedeume. Unha disculpa pode ser a visita a esta exposici\u00f3n:<\/p>\n\n\n\n<p>A exposici\u00f3n<strong>\u00a0750 anos constru\u00edndo a Historia de Pontedeume<\/strong>\u00a0prop\u00f3n un percorrido polo pasado da vila a trav\u00e9s de 16 espazos tem\u00e1ticos, desde a s\u00faa fundaci\u00f3n en 1270 na beira da ponte que lle d\u00e1 nome, ata a s\u00faa configuraci\u00f3n como centro comarcal de servizos, pasando polo seu pasado se\u00f1orial e polos fitos que configuran a s\u00faa identidade. E faino recollendo os documentos escritos e iconogr\u00e1ficos m\u00e1is representativos, contrapo\u00f1\u00e9ndoos ao labor dos historiadores que os exhumaron e utilizaron. A eles ded\u00edcase o \u00faltimo espazo, porque sen historia escrita non hai Historia e sen Historia non hai pasado.\u00a0<\/p>\n\n\n\n<div class=\"wp-block-image\"><figure class=\"aligncenter size-medium\"><a href=\"https:\/\/www.estudioshistoricos.com\/wp-content\/uploads\/2020\/09\/750_anos.jpg\"><img loading=\"lazy\" decoding=\"async\" width=\"166\" height=\"300\" src=\"https:\/\/www.estudioshistoricos.com\/wp-content\/uploads\/2020\/09\/750_anos-166x300.jpg\" alt=\"\" class=\"wp-image-1687\" srcset=\"https:\/\/www.estudioshistoricos.com\/wp-content\/uploads\/2020\/09\/750_anos-166x300.jpg 166w, https:\/\/www.estudioshistoricos.com\/wp-content\/uploads\/2020\/09\/750_anos-565x1024.jpg 565w, https:\/\/www.estudioshistoricos.com\/wp-content\/uploads\/2020\/09\/750_anos.jpg 702w\" sizes=\"auto, (max-width: 166px) 100vw, 166px\" \/><\/a><\/figure><\/div>\n\n\n\n<p><\/p>\n","protected":false},"excerpt":{"rendered":"<p>Sempre vale a pena visitar Pontedeume. Unha disculpa pode ser a visita a esta exposici\u00f3n: A exposici\u00f3n\u00a0750 anos constru\u00edndo a Historia de Pontedeume\u00a0prop\u00f3n un percorrido polo pasado da vila a trav\u00e9s de 16 espazos tem\u00e1ticos, desde a s\u00faa fundaci\u00f3n en 1270 na beira da ponte que lle d\u00e1 nome, ata a s\u00faa configuraci\u00f3n como centro &hellip; <a href=\"https:\/\/www.estudioshistoricos.com\/?p=1683\">Continue reading <span class=\"meta-nav\">&rarr;<\/span><\/a><\/p>\n","protected":false},"author":1,"featured_media":0,"comment_status":"closed","ping_status":"closed","sticky":false,"template":"","format":"standard","meta":{"footnotes":""},"categories":[2],"tags":[],"class_list":["post-1683","post","type-post","status-publish","format-standard","hentry","category-noticias"],"_links":{"self":[{"href":"https:\/\/www.estudioshistoricos.com\/index.php?rest_route=\/wp\/v2\/posts\/1683","targetHints":{"allow":["GET"]}}],"collection":[{"href":"https:\/\/www.estudioshistoricos.com\/index.php?rest_route=\/wp\/v2\/posts"}],"about":[{"href":"https:\/\/www.estudioshistoricos.com\/index.php?rest_route=\/wp\/v2\/types\/post"}],"author":[{"embeddable":true,"href":"https:\/\/www.estudioshistoricos.com\/index.php?rest_route=\/wp\/v2\/users\/1"}],"replies":[{"embeddable":true,"href":"https:\/\/www.estudioshistoricos.com\/index.php?rest_route=%2Fwp%2Fv2%2Fcomments&post=1683"}],"version-history":[{"count":3,"href":"https:\/\/www.estudioshistoricos.com\/index.php?rest_route=\/wp\/v2\/posts\/1683\/revisions"}],"predecessor-version":[{"id":1688,"href":"https:\/\/www.estudioshistoricos.com\/index.php?rest_route=\/wp\/v2\/posts\/1683\/revisions\/1688"}],"wp:attachment":[{"href":"https:\/\/www.estudioshistoricos.com\/index.php?rest_route=%2Fwp%2Fv2%2Fmedia&parent=1683"}],"wp:term":[{"taxonomy":"category","embeddable":true,"href":"https:\/\/www.estudioshistoricos.com\/index.php?rest_route=%2Fwp%2Fv2%2Fcategories&post=1683"},{"taxonomy":"post_tag","embeddable":true,"href":"https:\/\/www.estudioshistoricos.com\/index.php?rest_route=%2Fwp%2Fv2%2Ftags&post=1683"}],"curies":[{"name":"wp","href":"https:\/\/api.w.org\/{rel}","templated":true}]}}