{"id":152,"date":"2005-06-02T16:36:46","date_gmt":"2005-06-02T16:36:46","guid":{"rendered":"http:\/\/www.estudioshistoricos.com\/?p=152"},"modified":"2014-10-28T11:36:40","modified_gmt":"2014-10-28T11:36:40","slug":"2-de-junio-del-2005","status":"publish","type":"post","link":"https:\/\/www.estudioshistoricos.com\/?p=152","title":{"rendered":"2 de junio del 2005"},"content":{"rendered":"<p>El pasado\u00a0<strong>s\u00e1bado,\u00a0<span style=\"color: #ff0000;\">2 de julio del 2005<\/span><\/strong>, celebramos la proyectada excursi\u00f3n a los\u00a0<strong>monasterios de Couto<\/strong>\u00a0(Jubia) y\u00a0<strong>Monfero<\/strong>. El d\u00eda fue expl\u00e9ndido. Asistimos algo m\u00e1s de 20 personas.<\/p>\n<p><!--more--><\/p>\n<ul>\n<li>La\u00a0<strong>visita al monasterio de Couto<\/strong>\u00a0fue muy interesante. Nos acompa\u00f1\u00f3 su cura p\u00e1rroco Benito M\u00e9ndez.<\/li>\n<li>La\u00a0<strong>comida en Casa Juan<\/strong>\u00a0fue demasiado abundante con unos postres exquisitos. Sobremesa hasta las 18 H.<\/li>\n<li>Despu\u00e9s, en la\u00a0<strong>iglesia de Monfero<\/strong>, asistimos a las<strong>\u00a0Jornadas Culturales organizadas por la Asociaci\u00f3n de Amigos del Monasterio de Monfero<\/strong>. Conferencia sobre su restauraci\u00f3n, concierto y visita guiada, a lo que sigui\u00f3 una merienda, que m\u00e1s bien fue una cena.<\/li>\n<\/ul>\n<p>D\u00eda completo.<\/p>\n\n\t\t<style type=\"text\/css\">\n\t\t\t#gallery-1 {\n\t\t\t\tmargin: auto;\n\t\t\t}\n\t\t\t#gallery-1 .gallery-item {\n\t\t\t\tfloat: left;\n\t\t\t\tmargin-top: 10px;\n\t\t\t\ttext-align: center;\n\t\t\t\twidth: 20%;\n\t\t\t}\n\t\t\t#gallery-1 img {\n\t\t\t\tborder: 2px solid #cfcfcf;\n\t\t\t}\n\t\t\t#gallery-1 .gallery-caption {\n\t\t\t\tmargin-left: 0;\n\t\t\t}\n\t\t\t\/* see gallery_shortcode() in wp-includes\/media.php *\/\n\t\t<\/style>\n\t\t<div id='gallery-1' class='gallery galleryid-152 gallery-columns-5 gallery-size-thumbnail'><dl class='gallery-item'>\n\t\t\t<dt class='gallery-icon landscape'>\n\t\t\t\t<a href='https:\/\/www.estudioshistoricos.com\/wp-content\/uploads\/2014\/10\/2_7_05_a.jpg'><img loading=\"lazy\" decoding=\"async\" width=\"150\" height=\"150\" src=\"https:\/\/www.estudioshistoricos.com\/wp-content\/uploads\/2014\/10\/2_7_05_a-150x150.jpg\" class=\"attachment-thumbnail size-thumbnail\" alt=\"\" \/><\/a>\n\t\t\t<\/dt><\/dl><dl class='gallery-item'>\n\t\t\t<dt class='gallery-icon landscape'>\n\t\t\t\t<a href='https:\/\/www.estudioshistoricos.com\/wp-content\/uploads\/2014\/10\/2_7_05_b.jpg'><img loading=\"lazy\" decoding=\"async\" width=\"150\" height=\"150\" src=\"https:\/\/www.estudioshistoricos.com\/wp-content\/uploads\/2014\/10\/2_7_05_b-150x150.jpg\" class=\"attachment-thumbnail size-thumbnail\" alt=\"\" \/><\/a>\n\t\t\t<\/dt><\/dl><dl class='gallery-item'>\n\t\t\t<dt class='gallery-icon landscape'>\n\t\t\t\t<a href='https:\/\/www.estudioshistoricos.com\/wp-content\/uploads\/2014\/10\/2_7_05_c.jpg'><img loading=\"lazy\" decoding=\"async\" width=\"150\" height=\"150\" src=\"https:\/\/www.estudioshistoricos.com\/wp-content\/uploads\/2014\/10\/2_7_05_c-150x150.jpg\" class=\"attachment-thumbnail size-thumbnail\" alt=\"\" \/><\/a>\n\t\t\t<\/dt><\/dl><dl class='gallery-item'>\n\t\t\t<dt class='gallery-icon landscape'>\n\t\t\t\t<a href='https:\/\/www.estudioshistoricos.com\/wp-content\/uploads\/2014\/10\/2_7_05_d.jpg'><img loading=\"lazy\" decoding=\"async\" width=\"150\" height=\"150\" src=\"https:\/\/www.estudioshistoricos.com\/wp-content\/uploads\/2014\/10\/2_7_05_d-150x150.jpg\" class=\"attachment-thumbnail size-thumbnail\" alt=\"\" \/><\/a>\n\t\t\t<\/dt><\/dl><dl class='gallery-item'>\n\t\t\t<dt class='gallery-icon landscape'>\n\t\t\t\t<a href='https:\/\/www.estudioshistoricos.com\/wp-content\/uploads\/2014\/10\/2_7_05_e.jpg'><img loading=\"lazy\" decoding=\"async\" width=\"150\" height=\"150\" src=\"https:\/\/www.estudioshistoricos.com\/wp-content\/uploads\/2014\/10\/2_7_05_e-150x150.jpg\" class=\"attachment-thumbnail size-thumbnail\" alt=\"\" \/><\/a>\n\t\t\t<\/dt><\/dl><br style=\"clear: both\" \/><dl class='gallery-item'>\n\t\t\t<dt class='gallery-icon landscape'>\n\t\t\t\t<a href='https:\/\/www.estudioshistoricos.com\/wp-content\/uploads\/2014\/10\/2_7_05_f.jpg'><img loading=\"lazy\" decoding=\"async\" width=\"150\" height=\"150\" src=\"https:\/\/www.estudioshistoricos.com\/wp-content\/uploads\/2014\/10\/2_7_05_f-150x150.jpg\" class=\"attachment-thumbnail size-thumbnail\" alt=\"\" \/><\/a>\n\t\t\t<\/dt><\/dl><dl class='gallery-item'>\n\t\t\t<dt class='gallery-icon landscape'>\n\t\t\t\t<a href='https:\/\/www.estudioshistoricos.com\/wp-content\/uploads\/2014\/10\/2_7_05_g.jpg'><img loading=\"lazy\" decoding=\"async\" width=\"150\" height=\"150\" src=\"https:\/\/www.estudioshistoricos.com\/wp-content\/uploads\/2014\/10\/2_7_05_g-150x150.jpg\" class=\"attachment-thumbnail size-thumbnail\" alt=\"\" \/><\/a>\n\t\t\t<\/dt><\/dl><dl class='gallery-item'>\n\t\t\t<dt class='gallery-icon landscape'>\n\t\t\t\t<a href='https:\/\/www.estudioshistoricos.com\/wp-content\/uploads\/2014\/10\/2_7_05_h.jpg'><img loading=\"lazy\" decoding=\"async\" width=\"150\" height=\"150\" src=\"https:\/\/www.estudioshistoricos.com\/wp-content\/uploads\/2014\/10\/2_7_05_h-150x150.jpg\" class=\"attachment-thumbnail size-thumbnail\" alt=\"\" \/><\/a>\n\t\t\t<\/dt><\/dl>\n\t\t\t<br style='clear: both' \/>\n\t\t<\/div>\n\n","protected":false},"excerpt":{"rendered":"<p>El pasado\u00a0s\u00e1bado,\u00a02 de julio del 2005, celebramos la proyectada excursi\u00f3n a los\u00a0monasterios de Couto\u00a0(Jubia) y\u00a0Monfero. El d\u00eda fue expl\u00e9ndido. Asistimos algo m\u00e1s de 20 personas.<\/p>\n","protected":false},"author":1,"featured_media":156,"comment_status":"closed","ping_status":"closed","sticky":false,"template":"","format":"standard","meta":{"footnotes":""},"categories":[3],"tags":[],"class_list":["post-152","post","type-post","status-publish","format-standard","has-post-thumbnail","hentry","category-actividades"],"_links":{"self":[{"href":"https:\/\/www.estudioshistoricos.com\/index.php?rest_route=\/wp\/v2\/posts\/152","targetHints":{"allow":["GET"]}}],"collection":[{"href":"https:\/\/www.estudioshistoricos.com\/index.php?rest_route=\/wp\/v2\/posts"}],"about":[{"href":"https:\/\/www.estudioshistoricos.com\/index.php?rest_route=\/wp\/v2\/types\/post"}],"author":[{"embeddable":true,"href":"https:\/\/www.estudioshistoricos.com\/index.php?rest_route=\/wp\/v2\/users\/1"}],"replies":[{"embeddable":true,"href":"https:\/\/www.estudioshistoricos.com\/index.php?rest_route=%2Fwp%2Fv2%2Fcomments&post=152"}],"version-history":[{"count":2,"href":"https:\/\/www.estudioshistoricos.com\/index.php?rest_route=\/wp\/v2\/posts\/152\/revisions"}],"predecessor-version":[{"id":425,"href":"https:\/\/www.estudioshistoricos.com\/index.php?rest_route=\/wp\/v2\/posts\/152\/revisions\/425"}],"wp:featuredmedia":[{"embeddable":true,"href":"https:\/\/www.estudioshistoricos.com\/index.php?rest_route=\/wp\/v2\/media\/156"}],"wp:attachment":[{"href":"https:\/\/www.estudioshistoricos.com\/index.php?rest_route=%2Fwp%2Fv2%2Fmedia&parent=152"}],"wp:term":[{"taxonomy":"category","embeddable":true,"href":"https:\/\/www.estudioshistoricos.com\/index.php?rest_route=%2Fwp%2Fv2%2Fcategories&post=152"},{"taxonomy":"post_tag","embeddable":true,"href":"https:\/\/www.estudioshistoricos.com\/index.php?rest_route=%2Fwp%2Fv2%2Ftags&post=152"}],"curies":[{"name":"wp","href":"https:\/\/api.w.org\/{rel}","templated":true}]}}