{"id":1434,"date":"2019-04-12T21:08:23","date_gmt":"2019-04-12T21:08:23","guid":{"rendered":"http:\/\/www.estudioshistoricos.com\/?p=1434"},"modified":"2019-04-12T21:13:35","modified_gmt":"2019-04-12T21:13:35","slug":"presentacion-do-libro-memoria-historica-do-barrio-de-canido","status":"publish","type":"post","link":"https:\/\/www.estudioshistoricos.com\/?p=1434","title":{"rendered":"Presentaci\u00f3n do libro: Memoria hist\u00f3rica do barrio de Canido"},"content":{"rendered":"\n<p>O pr\u00f3ximo m\u00e9rcores 17 de abril \u00e1s 20:00\u00a0horas presentarase en Ferrol o libro &#8221; Memoria hist\u00f3rica do barrio de Canido&#8221;, de varios autores. Nel colabora o socio <a href=\"http:\/\/www.estudioshistoricos.com\/?page_id=1083\" target=\"_blank\" rel=\"noreferrer noopener\" aria-label=\"Jose Mar\u00eda L\u00f3pez-Dafonte Sanju\u00e1n (abre nunha pesta\u00f1a nova)\">Jose Mar\u00eda L\u00f3pez-Dafonte Sanju\u00e1n<\/a> co art\u00edgo: &#8221; El Hospicio de Ferrol y sus circunstancias&#8221;.\u00a0<\/p>\n\n\n\n<p>\u00a0A aportaci\u00f3n de Jos\u00e9 Mar\u00eda representa un traballo de investigaci\u00f3n sobre esta instituci\u00f3n ferrol\u00e1, especialmente sobre a s\u00faa escola e academia de m\u00fasica durante o reinado\u00a0 de Isabel II ( 1843-1868) e durante a Restauraci\u00f3n ( 1875-1902).<\/p>\n\n\n\n<div class=\"wp-block-image\"><figure class=\"aligncenter\"><a href=\"http:\/\/www.estudioshistoricos.com\/wp-content\/uploads\/2019\/04\/canido.jpg\"><img loading=\"lazy\" decoding=\"async\" width=\"300\" height=\"189\" src=\"http:\/\/www.estudioshistoricos.com\/wp-content\/uploads\/2019\/04\/canido-300x189.jpg\" alt=\"\" class=\"wp-image-1436\" srcset=\"https:\/\/www.estudioshistoricos.com\/wp-content\/uploads\/2019\/04\/canido-300x189.jpg 300w, https:\/\/www.estudioshistoricos.com\/wp-content\/uploads\/2019\/04\/canido-768x484.jpg 768w, https:\/\/www.estudioshistoricos.com\/wp-content\/uploads\/2019\/04\/canido.jpg 1002w\" sizes=\"auto, (max-width: 300px) 100vw, 300px\" \/><\/a><\/figure><\/div>\n","protected":false},"excerpt":{"rendered":"<p>O pr\u00f3ximo m\u00e9rcores 17 de abril \u00e1s 20:00\u00a0horas presentarase en Ferrol o libro &#8221; Memoria hist\u00f3rica do barrio de Canido&#8221;, de varios autores. Nel colabora o socio Jose Mar\u00eda L\u00f3pez-Dafonte Sanju\u00e1n co art\u00edgo: &#8221; El Hospicio de Ferrol y sus circunstancias&#8221;.\u00a0 \u00a0A aportaci\u00f3n de Jos\u00e9 Mar\u00eda representa un traballo de investigaci\u00f3n sobre esta instituci\u00f3n ferrol\u00e1, &hellip; <a href=\"https:\/\/www.estudioshistoricos.com\/?p=1434\">Continue reading <span class=\"meta-nav\">&rarr;<\/span><\/a><\/p>\n","protected":false},"author":1,"featured_media":0,"comment_status":"closed","ping_status":"closed","sticky":false,"template":"","format":"standard","meta":{"footnotes":""},"categories":[2],"tags":[],"class_list":["post-1434","post","type-post","status-publish","format-standard","hentry","category-noticias"],"_links":{"self":[{"href":"https:\/\/www.estudioshistoricos.com\/index.php?rest_route=\/wp\/v2\/posts\/1434","targetHints":{"allow":["GET"]}}],"collection":[{"href":"https:\/\/www.estudioshistoricos.com\/index.php?rest_route=\/wp\/v2\/posts"}],"about":[{"href":"https:\/\/www.estudioshistoricos.com\/index.php?rest_route=\/wp\/v2\/types\/post"}],"author":[{"embeddable":true,"href":"https:\/\/www.estudioshistoricos.com\/index.php?rest_route=\/wp\/v2\/users\/1"}],"replies":[{"embeddable":true,"href":"https:\/\/www.estudioshistoricos.com\/index.php?rest_route=%2Fwp%2Fv2%2Fcomments&post=1434"}],"version-history":[{"count":6,"href":"https:\/\/www.estudioshistoricos.com\/index.php?rest_route=\/wp\/v2\/posts\/1434\/revisions"}],"predecessor-version":[{"id":1441,"href":"https:\/\/www.estudioshistoricos.com\/index.php?rest_route=\/wp\/v2\/posts\/1434\/revisions\/1441"}],"wp:attachment":[{"href":"https:\/\/www.estudioshistoricos.com\/index.php?rest_route=%2Fwp%2Fv2%2Fmedia&parent=1434"}],"wp:term":[{"taxonomy":"category","embeddable":true,"href":"https:\/\/www.estudioshistoricos.com\/index.php?rest_route=%2Fwp%2Fv2%2Fcategories&post=1434"},{"taxonomy":"post_tag","embeddable":true,"href":"https:\/\/www.estudioshistoricos.com\/index.php?rest_route=%2Fwp%2Fv2%2Ftags&post=1434"}],"curies":[{"name":"wp","href":"https:\/\/api.w.org\/{rel}","templated":true}]}}