{"id":1426,"date":"2019-04-11T10:28:42","date_gmt":"2019-04-11T10:28:42","guid":{"rendered":"http:\/\/www.estudioshistoricos.com\/?p=1426"},"modified":"2019-04-11T10:44:09","modified_gmt":"2019-04-11T10:44:09","slug":"bajo-la-egida-de-la-sinrazon-isidro-maristany-martinez-victima-de-la-armada-franquista","status":"publish","type":"post","link":"https:\/\/www.estudioshistoricos.com\/?p=1426","title":{"rendered":"Bajo la \u00e9gida de la sinraz\u00f3n, Isidro Maristany Mart\u00ednez, v\u00edctima de la Armada franquista"},"content":{"rendered":"<p>Jos\u00e9 Mar\u00eda L\u00f3pez-Dafonte Sanju\u00e1n env\u00eda para descargar o artigo: <strong>\u201c<\/strong>Bajo la \u00e9gida de la sinraz\u00f3n, Isidro Maristany Mart\u00ednez, v\u00edctima de la Armada franquista&#8221;<\/p>\n<i class=\"fa fa-arrow-circle-o-down \" ><\/i>\u00a0<a href=\"http:\/\/www.estudioshistoricos.com\/wp-content\/uploads\/2019\/04\/bajo_la_egida_de_la_sinrazon.pdf\">Bajo la \u00e9gida de la sinraz\u00f3n, Isidro Maristany Mart\u00ednez, v\u00edctima de la Armada franquista<\/a><\/p>\n","protected":false},"excerpt":{"rendered":"<p>Jos\u00e9 Mar\u00eda L\u00f3pez-Dafonte Sanju\u00e1n env\u00eda para descargar o artigo: \u201cBajo la \u00e9gida de la sinraz\u00f3n, Isidro Maristany Mart\u00ednez, v\u00edctima de la Armada franquista&#8221; \u00a0Bajo la \u00e9gida de la sinraz\u00f3n, Isidro Maristany Mart\u00ednez, v\u00edctima de la Armada franquista<\/p>\n","protected":false},"author":1,"featured_media":0,"comment_status":"closed","ping_status":"closed","sticky":false,"template":"","format":"standard","meta":{"footnotes":""},"categories":[2],"tags":[],"class_list":["post-1426","post","type-post","status-publish","format-standard","hentry","category-noticias"],"_links":{"self":[{"href":"https:\/\/www.estudioshistoricos.com\/index.php?rest_route=\/wp\/v2\/posts\/1426","targetHints":{"allow":["GET"]}}],"collection":[{"href":"https:\/\/www.estudioshistoricos.com\/index.php?rest_route=\/wp\/v2\/posts"}],"about":[{"href":"https:\/\/www.estudioshistoricos.com\/index.php?rest_route=\/wp\/v2\/types\/post"}],"author":[{"embeddable":true,"href":"https:\/\/www.estudioshistoricos.com\/index.php?rest_route=\/wp\/v2\/users\/1"}],"replies":[{"embeddable":true,"href":"https:\/\/www.estudioshistoricos.com\/index.php?rest_route=%2Fwp%2Fv2%2Fcomments&post=1426"}],"version-history":[{"count":3,"href":"https:\/\/www.estudioshistoricos.com\/index.php?rest_route=\/wp\/v2\/posts\/1426\/revisions"}],"predecessor-version":[{"id":1432,"href":"https:\/\/www.estudioshistoricos.com\/index.php?rest_route=\/wp\/v2\/posts\/1426\/revisions\/1432"}],"wp:attachment":[{"href":"https:\/\/www.estudioshistoricos.com\/index.php?rest_route=%2Fwp%2Fv2%2Fmedia&parent=1426"}],"wp:term":[{"taxonomy":"category","embeddable":true,"href":"https:\/\/www.estudioshistoricos.com\/index.php?rest_route=%2Fwp%2Fv2%2Fcategories&post=1426"},{"taxonomy":"post_tag","embeddable":true,"href":"https:\/\/www.estudioshistoricos.com\/index.php?rest_route=%2Fwp%2Fv2%2Ftags&post=1426"}],"curies":[{"name":"wp","href":"https:\/\/api.w.org\/{rel}","templated":true}]}}