{"id":1401,"date":"2019-03-18T14:41:09","date_gmt":"2019-03-18T14:41:09","guid":{"rendered":"http:\/\/www.estudioshistoricos.com\/?p=1401"},"modified":"2019-03-18T14:42:49","modified_gmt":"2019-03-18T14:42:49","slug":"cartas-de-la-guerra-civil-hijo-de-ferrolanos-evacuado-del-sanatorio-de-gorliz-el-nino-julio-sanjuan","status":"publish","type":"post","link":"https:\/\/www.estudioshistoricos.com\/?p=1401","title":{"rendered":"Cartas de la Guerra Civil. Hijo de ferrolanos evacuado del sanatorio de G\u00f3rliz: El ni\u00f1o Julio Sanju\u00e1n"},"content":{"rendered":"<p>Jos\u00e9 Mar\u00eda L\u00f3pez-Dafonte Sanju\u00e1n env\u00eda para descargar o artigo: <strong>&#8220;Cartas de la Guerra. Civil Hijo de ferrolanos evacuado del sanatorio de G\u00f3rliz: El ni\u00f1o Julio Sanju\u00e1n&#8221;<\/strong><\/p>\n<p><a href=\"http:\/\/www.estudioshistoricos.com\/wp-content\/uploads\/2019\/03\/cartas_de_una_guerra.pdf\" target=\"_blank\" rel=\"noopener\"><i class=\"fa fa-arrow-circle-o-down \" ><\/i> Descargar artigo en PDF<\/a><\/p>\n","protected":false},"excerpt":{"rendered":"<p>Jos\u00e9 Mar\u00eda L\u00f3pez-Dafonte Sanju\u00e1n env\u00eda para descargar o artigo: &#8220;Cartas de la Guerra. Civil Hijo de ferrolanos evacuado del sanatorio de G\u00f3rliz: El ni\u00f1o Julio Sanju\u00e1n&#8221; Descargar artigo en PDF<\/p>\n","protected":false},"author":1,"featured_media":0,"comment_status":"closed","ping_status":"closed","sticky":false,"template":"","format":"standard","meta":{"footnotes":""},"categories":[2],"tags":[],"class_list":["post-1401","post","type-post","status-publish","format-standard","hentry","category-noticias"],"_links":{"self":[{"href":"https:\/\/www.estudioshistoricos.com\/index.php?rest_route=\/wp\/v2\/posts\/1401","targetHints":{"allow":["GET"]}}],"collection":[{"href":"https:\/\/www.estudioshistoricos.com\/index.php?rest_route=\/wp\/v2\/posts"}],"about":[{"href":"https:\/\/www.estudioshistoricos.com\/index.php?rest_route=\/wp\/v2\/types\/post"}],"author":[{"embeddable":true,"href":"https:\/\/www.estudioshistoricos.com\/index.php?rest_route=\/wp\/v2\/users\/1"}],"replies":[{"embeddable":true,"href":"https:\/\/www.estudioshistoricos.com\/index.php?rest_route=%2Fwp%2Fv2%2Fcomments&post=1401"}],"version-history":[{"count":2,"href":"https:\/\/www.estudioshistoricos.com\/index.php?rest_route=\/wp\/v2\/posts\/1401\/revisions"}],"predecessor-version":[{"id":1403,"href":"https:\/\/www.estudioshistoricos.com\/index.php?rest_route=\/wp\/v2\/posts\/1401\/revisions\/1403"}],"wp:attachment":[{"href":"https:\/\/www.estudioshistoricos.com\/index.php?rest_route=%2Fwp%2Fv2%2Fmedia&parent=1401"}],"wp:term":[{"taxonomy":"category","embeddable":true,"href":"https:\/\/www.estudioshistoricos.com\/index.php?rest_route=%2Fwp%2Fv2%2Fcategories&post=1401"},{"taxonomy":"post_tag","embeddable":true,"href":"https:\/\/www.estudioshistoricos.com\/index.php?rest_route=%2Fwp%2Fv2%2Ftags&post=1401"}],"curies":[{"name":"wp","href":"https:\/\/api.w.org\/{rel}","templated":true}]}}