{"id":1291,"date":"2018-12-10T08:13:51","date_gmt":"2018-12-10T08:13:51","guid":{"rendered":"http:\/\/www.estudioshistoricos.com\/?p=1291"},"modified":"2018-12-10T08:13:51","modified_gmt":"2018-12-10T08:13:51","slug":"faro-de-vigo-da-conta-da-nova-directiva","status":"publish","type":"post","link":"https:\/\/www.estudioshistoricos.com\/?p=1291","title":{"rendered":"Faro de Vigo d\u00e1 conta da nova directiva"},"content":{"rendered":"<p>O xornal Faro de Vigo d\u00e1 conta da nova directiva na sus edici\u00f3n de\u00a0Deza-Tabeir\u00f3s-Montes.<\/p>\n<p>Podese ver a noticia completa <a href=\"https:\/\/www.farodevigo.es\/portada-deza-tabeiros-montes\/2018\/12\/08\/jose-bertolo-luis-ferro-directivos\/2012891.html\">aqu\u00ed<\/a>.<\/p>\n<p><a href=\"http:\/\/www.estudioshistoricos.com\/wp-content\/uploads\/2018\/12\/directiva_faro_vigo.jpg\"><img loading=\"lazy\" decoding=\"async\" class=\"aligncenter wp-image-1292 size-large\" src=\"http:\/\/www.estudioshistoricos.com\/wp-content\/uploads\/2018\/12\/directiva_faro_vigo-1024x548.jpg\" alt=\"\" width=\"500\" height=\"268\" srcset=\"https:\/\/www.estudioshistoricos.com\/wp-content\/uploads\/2018\/12\/directiva_faro_vigo-1024x548.jpg 1024w, https:\/\/www.estudioshistoricos.com\/wp-content\/uploads\/2018\/12\/directiva_faro_vigo-300x161.jpg 300w, https:\/\/www.estudioshistoricos.com\/wp-content\/uploads\/2018\/12\/directiva_faro_vigo-768x411.jpg 768w, https:\/\/www.estudioshistoricos.com\/wp-content\/uploads\/2018\/12\/directiva_faro_vigo.jpg 1850w\" sizes=\"auto, (max-width: 500px) 100vw, 500px\" \/><\/a><\/p>\n","protected":false},"excerpt":{"rendered":"<p>O xornal Faro de Vigo d\u00e1 conta da nova directiva na sus edici\u00f3n de\u00a0Deza-Tabeir\u00f3s-Montes. Podese ver a noticia completa aqu\u00ed.<\/p>\n","protected":false},"author":1,"featured_media":0,"comment_status":"closed","ping_status":"closed","sticky":false,"template":"","format":"standard","meta":{"footnotes":""},"categories":[2],"tags":[],"class_list":["post-1291","post","type-post","status-publish","format-standard","hentry","category-noticias"],"_links":{"self":[{"href":"https:\/\/www.estudioshistoricos.com\/index.php?rest_route=\/wp\/v2\/posts\/1291","targetHints":{"allow":["GET"]}}],"collection":[{"href":"https:\/\/www.estudioshistoricos.com\/index.php?rest_route=\/wp\/v2\/posts"}],"about":[{"href":"https:\/\/www.estudioshistoricos.com\/index.php?rest_route=\/wp\/v2\/types\/post"}],"author":[{"embeddable":true,"href":"https:\/\/www.estudioshistoricos.com\/index.php?rest_route=\/wp\/v2\/users\/1"}],"replies":[{"embeddable":true,"href":"https:\/\/www.estudioshistoricos.com\/index.php?rest_route=%2Fwp%2Fv2%2Fcomments&post=1291"}],"version-history":[{"count":2,"href":"https:\/\/www.estudioshistoricos.com\/index.php?rest_route=\/wp\/v2\/posts\/1291\/revisions"}],"predecessor-version":[{"id":1294,"href":"https:\/\/www.estudioshistoricos.com\/index.php?rest_route=\/wp\/v2\/posts\/1291\/revisions\/1294"}],"wp:attachment":[{"href":"https:\/\/www.estudioshistoricos.com\/index.php?rest_route=%2Fwp%2Fv2%2Fmedia&parent=1291"}],"wp:term":[{"taxonomy":"category","embeddable":true,"href":"https:\/\/www.estudioshistoricos.com\/index.php?rest_route=%2Fwp%2Fv2%2Fcategories&post=1291"},{"taxonomy":"post_tag","embeddable":true,"href":"https:\/\/www.estudioshistoricos.com\/index.php?rest_route=%2Fwp%2Fv2%2Ftags&post=1291"}],"curies":[{"name":"wp","href":"https:\/\/api.w.org\/{rel}","templated":true}]}}