{"id":1278,"date":"2018-12-10T07:45:52","date_gmt":"2018-12-10T07:45:52","guid":{"rendered":"http:\/\/www.estudioshistoricos.com\/?p=1278"},"modified":"2018-12-10T08:04:22","modified_gmt":"2018-12-10T08:04:22","slug":"prueba","status":"publish","type":"post","link":"https:\/\/www.estudioshistoricos.com\/?p=1278","title":{"rendered":"Nova directiva da asociaci\u00f3n"},"content":{"rendered":"<p>Na asemblea xeral da Asociaci\u00f3n do d\u00eda <strong>3 de decembro<\/strong> sa\u00edu elixida a nova directiva.<\/p>\n<p>Est\u00e1 formada por: \u00a0 \u00a0<span class=\"collapseomatic \" id=\"id69f3b7dd84456\"  tabindex=\"0\" title=\"\"    ><\/span><div id=\"target-id69f3b7dd84456\" class=\"collapseomatic_content \">\n<ul>\n<li><strong>Presidente:<\/strong> D. Jos\u00e9 Manuel B\u00e9rtolo Ballesteros<\/li>\n<li><strong>Vicepresidenta:<\/strong> Dna. Ana Mar\u00eda Romero Masi\u00e1<\/li>\n<li><strong>Secretario:<\/strong> D. Alberto Paraje M\u00e9ndez<\/li>\n<li><strong>Tesoureiro:<\/strong> D. Vicente Javier Garc\u00eda G\u00f3mez<\/li>\n<li><strong>Vocal:<\/strong> Dna. Rosario Mart\u00ednez Mart\u00ednez<\/li>\n<li><strong>Vocal:<\/strong> Dna. Beatriz L\u00f3pez-Suevos Hern\u00e1ndez<\/li>\n<li><strong>Vocal:<\/strong> D. Jos\u00e9 Enrique Benlloch del R\u00edo<\/li>\n<li><strong>Vocal:<\/strong> D. Jos\u00e9 Benito Figueroa Aldariz<\/li>\n<li><strong>Vocal:<\/strong> D. Manuel Mar\u00eda de Artaza Montero<\/li>\n<li><strong>Vocal:<\/strong> D. Luis Ferro Pego<\/li>\n<li><strong>Vocal:<\/strong> Dna. Mar\u00eda de la O Su\u00e1rez Rodr\u00edguez<\/li>\n<li><strong>Vocal:<\/strong> D. Jos\u00e9 Alfeir\u00e1n Rodr\u00edguez<\/li>\n<\/ul>\n<\/div>\n","protected":false},"excerpt":{"rendered":"<p>Na asemblea xeral da Asociaci\u00f3n do d\u00eda 3 de decembro sa\u00edu elixida a nova directiva. Est\u00e1 formada por: \u00a0 \u00a0<\/p>\n","protected":false},"author":1,"featured_media":0,"comment_status":"closed","ping_status":"closed","sticky":false,"template":"","format":"standard","meta":{"footnotes":""},"categories":[2],"tags":[],"class_list":["post-1278","post","type-post","status-publish","format-standard","hentry","category-noticias"],"_links":{"self":[{"href":"https:\/\/www.estudioshistoricos.com\/index.php?rest_route=\/wp\/v2\/posts\/1278","targetHints":{"allow":["GET"]}}],"collection":[{"href":"https:\/\/www.estudioshistoricos.com\/index.php?rest_route=\/wp\/v2\/posts"}],"about":[{"href":"https:\/\/www.estudioshistoricos.com\/index.php?rest_route=\/wp\/v2\/types\/post"}],"author":[{"embeddable":true,"href":"https:\/\/www.estudioshistoricos.com\/index.php?rest_route=\/wp\/v2\/users\/1"}],"replies":[{"embeddable":true,"href":"https:\/\/www.estudioshistoricos.com\/index.php?rest_route=%2Fwp%2Fv2%2Fcomments&post=1278"}],"version-history":[{"count":12,"href":"https:\/\/www.estudioshistoricos.com\/index.php?rest_route=\/wp\/v2\/posts\/1278\/revisions"}],"predecessor-version":[{"id":1290,"href":"https:\/\/www.estudioshistoricos.com\/index.php?rest_route=\/wp\/v2\/posts\/1278\/revisions\/1290"}],"wp:attachment":[{"href":"https:\/\/www.estudioshistoricos.com\/index.php?rest_route=%2Fwp%2Fv2%2Fmedia&parent=1278"}],"wp:term":[{"taxonomy":"category","embeddable":true,"href":"https:\/\/www.estudioshistoricos.com\/index.php?rest_route=%2Fwp%2Fv2%2Fcategories&post=1278"},{"taxonomy":"post_tag","embeddable":true,"href":"https:\/\/www.estudioshistoricos.com\/index.php?rest_route=%2Fwp%2Fv2%2Ftags&post=1278"}],"curies":[{"name":"wp","href":"https:\/\/api.w.org\/{rel}","templated":true}]}}