{"id":1262,"date":"2018-11-28T15:01:51","date_gmt":"2018-11-28T15:01:51","guid":{"rendered":"http:\/\/www.estudioshistoricos.com\/?p=1262"},"modified":"2018-11-28T15:01:51","modified_gmt":"2018-11-28T15:01:51","slug":"reunion-da-xunta-directiva-3-de-decembro-2018","status":"publish","type":"post","link":"https:\/\/www.estudioshistoricos.com\/?p=1262","title":{"rendered":"Reuni\u00f3n da Xunta Directiva, 3 de decembro 2018."},"content":{"rendered":"<p>O <strong>3 de decembro de 2018<\/strong> no local da Biblioteca de Estudios Locais da Coru\u00f1a \u00e1s 20 h. ter\u00e1 lugar a <strong>Asemblea Xeral da Asociaci\u00f3n<\/strong> para elixir a nova Directiva da Asociaci\u00f3n.<\/p>\n","protected":false},"excerpt":{"rendered":"<p>O 3 de decembro de 2018 no local da Biblioteca de Estudios Locais da Coru\u00f1a \u00e1s 20 h. ter\u00e1 lugar a Asemblea Xeral da Asociaci\u00f3n para elixir a nova Directiva da Asociaci\u00f3n.<\/p>\n","protected":false},"author":1,"featured_media":0,"comment_status":"closed","ping_status":"closed","sticky":false,"template":"","format":"standard","meta":{"footnotes":""},"categories":[2],"tags":[],"class_list":["post-1262","post","type-post","status-publish","format-standard","hentry","category-noticias"],"_links":{"self":[{"href":"https:\/\/www.estudioshistoricos.com\/index.php?rest_route=\/wp\/v2\/posts\/1262","targetHints":{"allow":["GET"]}}],"collection":[{"href":"https:\/\/www.estudioshistoricos.com\/index.php?rest_route=\/wp\/v2\/posts"}],"about":[{"href":"https:\/\/www.estudioshistoricos.com\/index.php?rest_route=\/wp\/v2\/types\/post"}],"author":[{"embeddable":true,"href":"https:\/\/www.estudioshistoricos.com\/index.php?rest_route=\/wp\/v2\/users\/1"}],"replies":[{"embeddable":true,"href":"https:\/\/www.estudioshistoricos.com\/index.php?rest_route=%2Fwp%2Fv2%2Fcomments&post=1262"}],"version-history":[{"count":1,"href":"https:\/\/www.estudioshistoricos.com\/index.php?rest_route=\/wp\/v2\/posts\/1262\/revisions"}],"predecessor-version":[{"id":1263,"href":"https:\/\/www.estudioshistoricos.com\/index.php?rest_route=\/wp\/v2\/posts\/1262\/revisions\/1263"}],"wp:attachment":[{"href":"https:\/\/www.estudioshistoricos.com\/index.php?rest_route=%2Fwp%2Fv2%2Fmedia&parent=1262"}],"wp:term":[{"taxonomy":"category","embeddable":true,"href":"https:\/\/www.estudioshistoricos.com\/index.php?rest_route=%2Fwp%2Fv2%2Fcategories&post=1262"},{"taxonomy":"post_tag","embeddable":true,"href":"https:\/\/www.estudioshistoricos.com\/index.php?rest_route=%2Fwp%2Fv2%2Ftags&post=1262"}],"curies":[{"name":"wp","href":"https:\/\/api.w.org\/{rel}","templated":true}]}}