{"id":1192,"date":"2018-06-20T14:30:51","date_gmt":"2018-06-20T14:30:51","guid":{"rendered":"http:\/\/www.estudioshistoricos.com\/?p=1192"},"modified":"2018-06-20T14:38:54","modified_gmt":"2018-06-20T14:38:54","slug":"xornadas-arquitecturas-esvaecidas-da-iconografia-historica-a-reconstruccion-virtual-en-galicia","status":"publish","type":"post","link":"https:\/\/www.estudioshistoricos.com\/?p=1192","title":{"rendered":"Xornadas: Arquitecturas esvaecidas da iconograf\u00eda hist\u00f3rica \u00e1 reconstrucci\u00f3n virtual  en Galicia"},"content":{"rendered":"<p>Xornadas, Arquitecturas esvaecidas da iconograf\u00eda hist\u00f3rica \u00e1 reconstrucci\u00f3n virtual en Galicia.\u00a0<strong>Ter\u00e1n lugar os pr\u00f3ximos d\u00edas 10-11 de xullo de 2018 en Santiago de Compostela<\/strong>. Inscrici\u00f3n gratuita.<\/p>\n<p>As Xornadas est\u00e1n coordinadas polo catedr\u00e1tico de Historia del Arte\u00a0e membro da nosa Asociaci\u00f3n don\u00a0<a href=\"http:\/\/www.estudioshistoricos.com\/?page_id=840\"><em>Alfredo Vigo Trasancos<\/em><\/a>.<\/p>\n<p>Intervir\u00e1 en primeiro lugar a nosa compa\u00f1eira\u00a0\u00a0<em>M\u00aa de la O Su\u00e1rez Rodr\u00edguez<\/em>, arquiveira municipal da Coru\u00f1a, con \u201c<em>Fondos iconogr\u00e1ficos para a historia da arquitectura e da cidade en Galicia<\/em>\u201d.<\/p>\n<p><i class=\"fa fa-arrow-circle-o-down fa- \"><\/i> <a href=\"http:\/\/www.estudioshistoricos.com\/wp-content\/uploads\/2018\/06\/folleto_arquitecturas_esvaecidas.pdf\" target=\"_blank\" rel=\"noopener\">Aqu\u00ed p\u00f3dese descargar<\/a>\u00a0o programa:<\/p>\n<p><a href=\"http:\/\/www.estudioshistoricos.com\/wp-content\/uploads\/2018\/06\/folleto_arquitecturas_esvaecidas_th.png\"><img loading=\"lazy\" decoding=\"async\" class=\"aligncenter size-medium wp-image-1193\" src=\"http:\/\/www.estudioshistoricos.com\/wp-content\/uploads\/2018\/06\/folleto_arquitecturas_esvaecidas_th-207x300.png\" alt=\"\" width=\"207\" height=\"300\" srcset=\"https:\/\/www.estudioshistoricos.com\/wp-content\/uploads\/2018\/06\/folleto_arquitecturas_esvaecidas_th-207x300.png 207w, https:\/\/www.estudioshistoricos.com\/wp-content\/uploads\/2018\/06\/folleto_arquitecturas_esvaecidas_th-768x1114.png 768w, https:\/\/www.estudioshistoricos.com\/wp-content\/uploads\/2018\/06\/folleto_arquitecturas_esvaecidas_th-706x1024.png 706w, https:\/\/www.estudioshistoricos.com\/wp-content\/uploads\/2018\/06\/folleto_arquitecturas_esvaecidas_th.png 838w\" sizes=\"auto, (max-width: 207px) 100vw, 207px\" \/><\/a><\/p>\n","protected":false},"excerpt":{"rendered":"<p>Xornadas, Arquitecturas esvaecidas da iconograf\u00eda hist\u00f3rica \u00e1 reconstrucci\u00f3n virtual en Galicia.\u00a0Ter\u00e1n lugar os pr\u00f3ximos d\u00edas 10-11 de xullo de 2018 en Santiago de Compostela. Inscrici\u00f3n gratuita. As Xornadas est\u00e1n coordinadas polo catedr\u00e1tico de Historia del Arte\u00a0e membro da nosa Asociaci\u00f3n don\u00a0Alfredo Vigo Trasancos. Intervir\u00e1 en primeiro lugar a nosa compa\u00f1eira\u00a0\u00a0M\u00aa de la O Su\u00e1rez Rodr\u00edguez, &hellip; <a href=\"https:\/\/www.estudioshistoricos.com\/?p=1192\">Continue reading <span class=\"meta-nav\">&rarr;<\/span><\/a><\/p>\n","protected":false},"author":1,"featured_media":0,"comment_status":"closed","ping_status":"closed","sticky":false,"template":"","format":"standard","meta":{"footnotes":""},"categories":[2],"tags":[],"class_list":["post-1192","post","type-post","status-publish","format-standard","hentry","category-noticias"],"_links":{"self":[{"href":"https:\/\/www.estudioshistoricos.com\/index.php?rest_route=\/wp\/v2\/posts\/1192","targetHints":{"allow":["GET"]}}],"collection":[{"href":"https:\/\/www.estudioshistoricos.com\/index.php?rest_route=\/wp\/v2\/posts"}],"about":[{"href":"https:\/\/www.estudioshistoricos.com\/index.php?rest_route=\/wp\/v2\/types\/post"}],"author":[{"embeddable":true,"href":"https:\/\/www.estudioshistoricos.com\/index.php?rest_route=\/wp\/v2\/users\/1"}],"replies":[{"embeddable":true,"href":"https:\/\/www.estudioshistoricos.com\/index.php?rest_route=%2Fwp%2Fv2%2Fcomments&post=1192"}],"version-history":[{"count":6,"href":"https:\/\/www.estudioshistoricos.com\/index.php?rest_route=\/wp\/v2\/posts\/1192\/revisions"}],"predecessor-version":[{"id":1204,"href":"https:\/\/www.estudioshistoricos.com\/index.php?rest_route=\/wp\/v2\/posts\/1192\/revisions\/1204"}],"wp:attachment":[{"href":"https:\/\/www.estudioshistoricos.com\/index.php?rest_route=%2Fwp%2Fv2%2Fmedia&parent=1192"}],"wp:term":[{"taxonomy":"category","embeddable":true,"href":"https:\/\/www.estudioshistoricos.com\/index.php?rest_route=%2Fwp%2Fv2%2Fcategories&post=1192"},{"taxonomy":"post_tag","embeddable":true,"href":"https:\/\/www.estudioshistoricos.com\/index.php?rest_route=%2Fwp%2Fv2%2Ftags&post=1192"}],"curies":[{"name":"wp","href":"https:\/\/api.w.org\/{rel}","templated":true}]}}