{"id":1185,"date":"2018-05-16T07:19:58","date_gmt":"2018-05-16T07:19:58","guid":{"rendered":"http:\/\/www.estudioshistoricos.com\/?p=1185"},"modified":"2018-05-16T07:20:07","modified_gmt":"2018-05-16T07:20:07","slug":"1185","status":"publish","type":"post","link":"https:\/\/www.estudioshistoricos.com\/?p=1185","title":{"rendered":"Las Escuelas en Ferrol durante la Dictadura de Primo de Rivera"},"content":{"rendered":"<p>Nuestro asociado\u00a0<a href=\"http:\/\/www.estudioshistoricos.com\/?page_id=1083\">Jos\u00e9 Mar\u00eda L\u00f3pez-Dafonte Sanju\u00e1n<\/a> nos envia su art\u00edculo:\u00a0<strong>\u201cLas Escuelas en Ferrol durante la Dictadura de Primo de Rivera\u201d<\/strong>, ahora disponible en la web para su descarga.<\/p>\n<i class=\"fa fa-arrow-circle-o-down \" ><\/i>\u00a0<a href=\"http:\/\/www.estudioshistoricos.com\/wp-content\/uploads\/2018\/05\/escuelas_primo_de_rivera..pdf\">Las Escuelas en Ferrol durante la Dictadura de Primo de Rivera<\/a><\/p>\n","protected":false},"excerpt":{"rendered":"<p>Nuestro asociado\u00a0Jos\u00e9 Mar\u00eda L\u00f3pez-Dafonte Sanju\u00e1n nos envia su art\u00edculo:\u00a0\u201cLas Escuelas en Ferrol durante la Dictadura de Primo de Rivera\u201d, ahora disponible en la web para su descarga. \u00a0Las Escuelas en Ferrol durante la Dictadura de Primo de Rivera<\/p>\n","protected":false},"author":1,"featured_media":0,"comment_status":"closed","ping_status":"closed","sticky":false,"template":"","format":"standard","meta":{"footnotes":""},"categories":[2],"tags":[],"class_list":["post-1185","post","type-post","status-publish","format-standard","hentry","category-noticias"],"_links":{"self":[{"href":"https:\/\/www.estudioshistoricos.com\/index.php?rest_route=\/wp\/v2\/posts\/1185","targetHints":{"allow":["GET"]}}],"collection":[{"href":"https:\/\/www.estudioshistoricos.com\/index.php?rest_route=\/wp\/v2\/posts"}],"about":[{"href":"https:\/\/www.estudioshistoricos.com\/index.php?rest_route=\/wp\/v2\/types\/post"}],"author":[{"embeddable":true,"href":"https:\/\/www.estudioshistoricos.com\/index.php?rest_route=\/wp\/v2\/users\/1"}],"replies":[{"embeddable":true,"href":"https:\/\/www.estudioshistoricos.com\/index.php?rest_route=%2Fwp%2Fv2%2Fcomments&post=1185"}],"version-history":[{"count":2,"href":"https:\/\/www.estudioshistoricos.com\/index.php?rest_route=\/wp\/v2\/posts\/1185\/revisions"}],"predecessor-version":[{"id":1187,"href":"https:\/\/www.estudioshistoricos.com\/index.php?rest_route=\/wp\/v2\/posts\/1185\/revisions\/1187"}],"wp:attachment":[{"href":"https:\/\/www.estudioshistoricos.com\/index.php?rest_route=%2Fwp%2Fv2%2Fmedia&parent=1185"}],"wp:term":[{"taxonomy":"category","embeddable":true,"href":"https:\/\/www.estudioshistoricos.com\/index.php?rest_route=%2Fwp%2Fv2%2Fcategories&post=1185"},{"taxonomy":"post_tag","embeddable":true,"href":"https:\/\/www.estudioshistoricos.com\/index.php?rest_route=%2Fwp%2Fv2%2Ftags&post=1185"}],"curies":[{"name":"wp","href":"https:\/\/api.w.org\/{rel}","templated":true}]}}