{"id":1165,"date":"2018-05-04T05:31:05","date_gmt":"2018-05-04T05:31:05","guid":{"rendered":"http:\/\/www.estudioshistoricos.com\/?p=1165"},"modified":"2018-05-04T05:33:19","modified_gmt":"2018-05-04T05:33:19","slug":"1165","status":"publish","type":"post","link":"https:\/\/www.estudioshistoricos.com\/?p=1165","title":{"rendered":"Cofrad\u00eda de Alfonso\u00a0VII y el \u00a0Pend\u00f3n de Baeza"},"content":{"rendered":"<p>Nuestro asociado <a href=\"http:\/\/www.estudioshistoricos.com\/?page_id=1160\">Jos\u00e9 Mar\u00eda Manuel Garc\u00eda-Osuna Rodr\u00edguez<\/a>\u00a0nos envia su art\u00edculo: <strong>&#8220;Cofrad\u00eda de Alfonso\u00a0VII y el \u00a0Pend\u00f3n de Baeza&#8221;<\/strong>. Ahora disponible en la web para su descarga.<\/p>\n<i class=\"fa fa-arrow-circle-o-down \" ><\/i> <a href=\"http:\/\/www.estudioshistoricos.com\/wp-content\/uploads\/2018\/05\/revista2018_n9.pdf\" target=\"_blank\" rel=\"noopener\">Cofrad\u00eda de Alfonso\u00a0VII y el \u00a0Pend\u00f3n de Baeza<\/a><\/p>\n","protected":false},"excerpt":{"rendered":"<p>Nuestro asociado Jos\u00e9 Mar\u00eda Manuel Garc\u00eda-Osuna Rodr\u00edguez\u00a0nos envia su art\u00edculo: &#8220;Cofrad\u00eda de Alfonso\u00a0VII y el \u00a0Pend\u00f3n de Baeza&#8221;. Ahora disponible en la web para su descarga. Cofrad\u00eda de Alfonso\u00a0VII y el \u00a0Pend\u00f3n de Baeza<\/p>\n","protected":false},"author":1,"featured_media":1166,"comment_status":"closed","ping_status":"closed","sticky":false,"template":"","format":"standard","meta":{"footnotes":""},"categories":[2],"tags":[],"class_list":["post-1165","post","type-post","status-publish","format-standard","has-post-thumbnail","hentry","category-noticias"],"_links":{"self":[{"href":"https:\/\/www.estudioshistoricos.com\/index.php?rest_route=\/wp\/v2\/posts\/1165","targetHints":{"allow":["GET"]}}],"collection":[{"href":"https:\/\/www.estudioshistoricos.com\/index.php?rest_route=\/wp\/v2\/posts"}],"about":[{"href":"https:\/\/www.estudioshistoricos.com\/index.php?rest_route=\/wp\/v2\/types\/post"}],"author":[{"embeddable":true,"href":"https:\/\/www.estudioshistoricos.com\/index.php?rest_route=\/wp\/v2\/users\/1"}],"replies":[{"embeddable":true,"href":"https:\/\/www.estudioshistoricos.com\/index.php?rest_route=%2Fwp%2Fv2%2Fcomments&post=1165"}],"version-history":[{"count":5,"href":"https:\/\/www.estudioshistoricos.com\/index.php?rest_route=\/wp\/v2\/posts\/1165\/revisions"}],"predecessor-version":[{"id":1171,"href":"https:\/\/www.estudioshistoricos.com\/index.php?rest_route=\/wp\/v2\/posts\/1165\/revisions\/1171"}],"wp:featuredmedia":[{"embeddable":true,"href":"https:\/\/www.estudioshistoricos.com\/index.php?rest_route=\/wp\/v2\/media\/1166"}],"wp:attachment":[{"href":"https:\/\/www.estudioshistoricos.com\/index.php?rest_route=%2Fwp%2Fv2%2Fmedia&parent=1165"}],"wp:term":[{"taxonomy":"category","embeddable":true,"href":"https:\/\/www.estudioshistoricos.com\/index.php?rest_route=%2Fwp%2Fv2%2Fcategories&post=1165"},{"taxonomy":"post_tag","embeddable":true,"href":"https:\/\/www.estudioshistoricos.com\/index.php?rest_route=%2Fwp%2Fv2%2Ftags&post=1165"}],"curies":[{"name":"wp","href":"https:\/\/api.w.org\/{rel}","templated":true}]}}