{"id":1107,"date":"2018-03-12T16:21:47","date_gmt":"2018-03-12T16:21:47","guid":{"rendered":"http:\/\/www.estudioshistoricos.com\/?p=1107"},"modified":"2018-03-12T16:26:54","modified_gmt":"2018-03-12T16:26:54","slug":"choqueiros-breve-cronica-historica-do-carnaval-corunes-por-xose-alfeiran","status":"publish","type":"post","link":"https:\/\/www.estudioshistoricos.com\/?p=1107","title":{"rendered":"&#8220;Choqueiros. Breve cr\u00f3nica hist\u00f3rica do carnaval coru\u00f1\u00e9s&#8221;, por Xos\u00e9 Alfeir\u00e1n"},"content":{"rendered":"<p>El libro, <i>&#8220;Choqueiros. Breve cr\u00f3nica hist\u00f3rica do\u00a0carnaval coru\u00f1\u00e9s<\/i>&#8220;,\u00a0escrito por nuestro compa\u00f1ero el historiador <a href=\"http:\/\/www.estudioshistoricos.com\/?page_id=880\">Xos\u00e9 Alfeir\u00e1n<\/a>,\u00a0hace una revisi\u00f3n del Carnaval de A Coru\u00f1a que llega hasta el a\u00f1o 1882.\u00a0\u00a0\u00a0El autor se propone\u00a0rescatar del olvido, y de una manera rigurosa, las cr\u00f3nicas de una tradici\u00f3n cultural y festiva como es el carnaval coru\u00f1\u00e9s, que aparecen reflejadas en\u00a0los expedientes municipales as\u00ed como contadas\u00a0por\u00a0sus protagonistas, en muchos casos periodistas de la \u00e9poca que, despu\u00e9s de participar en los desfiles y bailes, narraban los hechos en la prensa y en los folletos que se editaban. El libro cuenta con material gr\u00e1fico procedente del Archivo Municipal.<\/p>\n<i class=\"fa fa-arrow-circle-o-down \" ><\/i> &#8220;<a href=\"http:\/\/www.estudioshistoricos.com\/wp-content\/uploads\/2018\/03\/Choqueiros_Alfeiran.pdf\">Choqueiros. Breve cr\u00f3nica hist\u00f3rica do carnaval coru\u00f1\u00e9s&#8221;, por Xos\u00e9 Alfeir\u00e1n<\/a><\/p>\n<p><img loading=\"lazy\" decoding=\"async\" class=\"aligncenter wp-image-1114 size-medium\" src=\"http:\/\/www.estudioshistoricos.com\/wp-content\/uploads\/2018\/03\/choqueiros-194x300.jpg\" alt=\"\" width=\"194\" height=\"300\" srcset=\"https:\/\/www.estudioshistoricos.com\/wp-content\/uploads\/2018\/03\/choqueiros-194x300.jpg 194w, https:\/\/www.estudioshistoricos.com\/wp-content\/uploads\/2018\/03\/choqueiros-768x1186.jpg 768w, https:\/\/www.estudioshistoricos.com\/wp-content\/uploads\/2018\/03\/choqueiros-663x1024.jpg 663w, https:\/\/www.estudioshistoricos.com\/wp-content\/uploads\/2018\/03\/choqueiros.jpg 904w\" sizes=\"auto, (max-width: 194px) 100vw, 194px\" \/><\/p>\n","protected":false},"excerpt":{"rendered":"<p>El libro, &#8220;Choqueiros. Breve cr\u00f3nica hist\u00f3rica do\u00a0carnaval coru\u00f1\u00e9s&#8220;,\u00a0escrito por nuestro compa\u00f1ero el historiador Xos\u00e9 Alfeir\u00e1n,\u00a0hace una revisi\u00f3n del Carnaval de A Coru\u00f1a que llega hasta el a\u00f1o 1882.\u00a0\u00a0\u00a0El autor se propone\u00a0rescatar del olvido, y de una manera rigurosa, las cr\u00f3nicas de una tradici\u00f3n cultural y festiva como es el carnaval coru\u00f1\u00e9s, que aparecen reflejadas en\u00a0los &hellip; <a href=\"https:\/\/www.estudioshistoricos.com\/?p=1107\">Continue reading <span class=\"meta-nav\">&rarr;<\/span><\/a><\/p>\n","protected":false},"author":1,"featured_media":1111,"comment_status":"closed","ping_status":"closed","sticky":false,"template":"","format":"standard","meta":{"footnotes":""},"categories":[2],"tags":[],"class_list":["post-1107","post","type-post","status-publish","format-standard","has-post-thumbnail","hentry","category-noticias"],"_links":{"self":[{"href":"https:\/\/www.estudioshistoricos.com\/index.php?rest_route=\/wp\/v2\/posts\/1107","targetHints":{"allow":["GET"]}}],"collection":[{"href":"https:\/\/www.estudioshistoricos.com\/index.php?rest_route=\/wp\/v2\/posts"}],"about":[{"href":"https:\/\/www.estudioshistoricos.com\/index.php?rest_route=\/wp\/v2\/types\/post"}],"author":[{"embeddable":true,"href":"https:\/\/www.estudioshistoricos.com\/index.php?rest_route=\/wp\/v2\/users\/1"}],"replies":[{"embeddable":true,"href":"https:\/\/www.estudioshistoricos.com\/index.php?rest_route=%2Fwp%2Fv2%2Fcomments&post=1107"}],"version-history":[{"count":8,"href":"https:\/\/www.estudioshistoricos.com\/index.php?rest_route=\/wp\/v2\/posts\/1107\/revisions"}],"predecessor-version":[{"id":1119,"href":"https:\/\/www.estudioshistoricos.com\/index.php?rest_route=\/wp\/v2\/posts\/1107\/revisions\/1119"}],"wp:featuredmedia":[{"embeddable":true,"href":"https:\/\/www.estudioshistoricos.com\/index.php?rest_route=\/wp\/v2\/media\/1111"}],"wp:attachment":[{"href":"https:\/\/www.estudioshistoricos.com\/index.php?rest_route=%2Fwp%2Fv2%2Fmedia&parent=1107"}],"wp:term":[{"taxonomy":"category","embeddable":true,"href":"https:\/\/www.estudioshistoricos.com\/index.php?rest_route=%2Fwp%2Fv2%2Fcategories&post=1107"},{"taxonomy":"post_tag","embeddable":true,"href":"https:\/\/www.estudioshistoricos.com\/index.php?rest_route=%2Fwp%2Fv2%2Ftags&post=1107"}],"curies":[{"name":"wp","href":"https:\/\/api.w.org\/{rel}","templated":true}]}}