{"id":1102,"date":"2018-03-04T15:08:09","date_gmt":"2018-03-04T15:08:09","guid":{"rendered":"http:\/\/www.estudioshistoricos.com\/?p=1102"},"modified":"2018-03-04T15:08:09","modified_gmt":"2018-03-04T15:08:09","slug":"3-de-marzo-visita-a-ourense","status":"publish","type":"post","link":"https:\/\/www.estudioshistoricos.com\/?p=1102","title":{"rendered":"3 de marzo, visita a Ourense"},"content":{"rendered":"<p>El 3 de marzo un grupo de socios visit\u00f3 Ourense. Su objetivo principal era\u00a0la exposici\u00f3n\u00a0<b>\u201c<\/b><i>In Tempore Sueborum\u201d. <\/i>La exposici\u00f3n, que contin\u00faa abierta hasta el 6 de mayo, est\u00e1 estructurada\u00a0en tres ambientes ubicados en el Centro Cultural Marcos Valc\u00e1rcel, en la iglesia de Santa Mar\u00eda Nai y en el Museo Municipal, para saber de la llegada de los suevos, del origen del cristianismo en la \u00e9poca y de c\u00f3mo conviv\u00edan con los galaico-romanos de la Gallaecia.<\/p>\n<p>Tambi\u00e9n visitamos el Liceo, la catedral, el claustro de san Francisco, el mercado y el centro de interpretaci\u00f3n de las Burgas, donde se estaban ba\u00f1ando varios ourensanos y que nosotros pensamos aprovechar en\u00a0una pr\u00f3xima visita.<\/p>\n\n\t\t<style type=\"text\/css\">\n\t\t\t#gallery-1 {\n\t\t\t\tmargin: auto;\n\t\t\t}\n\t\t\t#gallery-1 .gallery-item {\n\t\t\t\tfloat: left;\n\t\t\t\tmargin-top: 10px;\n\t\t\t\ttext-align: center;\n\t\t\t\twidth: 50%;\n\t\t\t}\n\t\t\t#gallery-1 img {\n\t\t\t\tborder: 2px solid #cfcfcf;\n\t\t\t}\n\t\t\t#gallery-1 .gallery-caption {\n\t\t\t\tmargin-left: 0;\n\t\t\t}\n\t\t\t\/* see gallery_shortcode() in wp-includes\/media.php *\/\n\t\t<\/style>\n\t\t<div id='gallery-1' class='gallery galleryid-1102 gallery-columns-2 gallery-size-medium'><dl class='gallery-item'>\n\t\t\t<dt class='gallery-icon landscape'>\n\t\t\t\t<a href='https:\/\/www.estudioshistoricos.com\/?attachment_id=1104'><img loading=\"lazy\" decoding=\"async\" width=\"300\" height=\"169\" src=\"https:\/\/www.estudioshistoricos.com\/wp-content\/uploads\/2018\/03\/Orense_03-300x169.jpg\" class=\"attachment-medium size-medium\" alt=\"\" srcset=\"https:\/\/www.estudioshistoricos.com\/wp-content\/uploads\/2018\/03\/Orense_03-300x169.jpg 300w, https:\/\/www.estudioshistoricos.com\/wp-content\/uploads\/2018\/03\/Orense_03-768x432.jpg 768w, https:\/\/www.estudioshistoricos.com\/wp-content\/uploads\/2018\/03\/Orense_03-1024x576.jpg 1024w, https:\/\/www.estudioshistoricos.com\/wp-content\/uploads\/2018\/03\/Orense_03.jpg 1600w\" sizes=\"auto, (max-width: 300px) 100vw, 300px\" \/><\/a>\n\t\t\t<\/dt><\/dl><dl class='gallery-item'>\n\t\t\t<dt class='gallery-icon landscape'>\n\t\t\t\t<a href='https:\/\/www.estudioshistoricos.com\/?attachment_id=1103'><img loading=\"lazy\" decoding=\"async\" width=\"300\" height=\"169\" src=\"https:\/\/www.estudioshistoricos.com\/wp-content\/uploads\/2018\/03\/Orense_02-300x169.jpg\" class=\"attachment-medium size-medium\" alt=\"\" srcset=\"https:\/\/www.estudioshistoricos.com\/wp-content\/uploads\/2018\/03\/Orense_02-300x169.jpg 300w, https:\/\/www.estudioshistoricos.com\/wp-content\/uploads\/2018\/03\/Orense_02-768x432.jpg 768w, https:\/\/www.estudioshistoricos.com\/wp-content\/uploads\/2018\/03\/Orense_02-1024x576.jpg 1024w, https:\/\/www.estudioshistoricos.com\/wp-content\/uploads\/2018\/03\/Orense_02.jpg 1600w\" sizes=\"auto, (max-width: 300px) 100vw, 300px\" \/><\/a>\n\t\t\t<\/dt><\/dl><br style=\"clear: both\" \/>\n\t\t<\/div>\n\n","protected":false},"excerpt":{"rendered":"<p>El 3 de marzo un grupo de socios visit\u00f3 Ourense. Su objetivo principal era\u00a0la exposici\u00f3n\u00a0\u201cIn Tempore Sueborum\u201d. La exposici\u00f3n, que contin\u00faa abierta hasta el 6 de mayo, est\u00e1 estructurada\u00a0en tres ambientes ubicados en el Centro Cultural Marcos Valc\u00e1rcel, en la iglesia de Santa Mar\u00eda Nai y en el Museo Municipal, para saber de la llegada &hellip; <a href=\"https:\/\/www.estudioshistoricos.com\/?p=1102\">Continue reading <span class=\"meta-nav\">&rarr;<\/span><\/a><\/p>\n","protected":false},"author":1,"featured_media":0,"comment_status":"closed","ping_status":"closed","sticky":false,"template":"","format":"standard","meta":{"footnotes":""},"categories":[3,2],"tags":[],"class_list":["post-1102","post","type-post","status-publish","format-standard","hentry","category-actividades","category-noticias"],"_links":{"self":[{"href":"https:\/\/www.estudioshistoricos.com\/index.php?rest_route=\/wp\/v2\/posts\/1102","targetHints":{"allow":["GET"]}}],"collection":[{"href":"https:\/\/www.estudioshistoricos.com\/index.php?rest_route=\/wp\/v2\/posts"}],"about":[{"href":"https:\/\/www.estudioshistoricos.com\/index.php?rest_route=\/wp\/v2\/types\/post"}],"author":[{"embeddable":true,"href":"https:\/\/www.estudioshistoricos.com\/index.php?rest_route=\/wp\/v2\/users\/1"}],"replies":[{"embeddable":true,"href":"https:\/\/www.estudioshistoricos.com\/index.php?rest_route=%2Fwp%2Fv2%2Fcomments&post=1102"}],"version-history":[{"count":1,"href":"https:\/\/www.estudioshistoricos.com\/index.php?rest_route=\/wp\/v2\/posts\/1102\/revisions"}],"predecessor-version":[{"id":1105,"href":"https:\/\/www.estudioshistoricos.com\/index.php?rest_route=\/wp\/v2\/posts\/1102\/revisions\/1105"}],"wp:attachment":[{"href":"https:\/\/www.estudioshistoricos.com\/index.php?rest_route=%2Fwp%2Fv2%2Fmedia&parent=1102"}],"wp:term":[{"taxonomy":"category","embeddable":true,"href":"https:\/\/www.estudioshistoricos.com\/index.php?rest_route=%2Fwp%2Fv2%2Fcategories&post=1102"},{"taxonomy":"post_tag","embeddable":true,"href":"https:\/\/www.estudioshistoricos.com\/index.php?rest_route=%2Fwp%2Fv2%2Ftags&post=1102"}],"curies":[{"name":"wp","href":"https:\/\/api.w.org\/{rel}","templated":true}]}}