{"id":1095,"date":"2018-02-26T07:02:15","date_gmt":"2018-02-26T07:02:15","guid":{"rendered":"http:\/\/www.estudioshistoricos.com\/?p=1095"},"modified":"2018-02-26T07:02:33","modified_gmt":"2018-02-26T07:02:33","slug":"excursion-a-vigo-24-de-febrero","status":"publish","type":"post","link":"https:\/\/www.estudioshistoricos.com\/?p=1095","title":{"rendered":"24 de febrero, excursi\u00f3n a Vigo"},"content":{"rendered":"<p><span style=\"font-family: Oxygen, sans-serif, serif, EmojiFont;\">El <strong>24 de febrero<\/strong> tuvo lugar la excursi\u00f3n a Vigo de una numerosa representaci\u00f3n de socios y amigos de nuestra Asociaci\u00f3n. Por la ma\u00f1ana s<\/span><span style=\"font-family: Oxygen, sans-serif, serif, EmojiFont;\">e visit\u00f3 de la mano de un gu\u00eda el <strong>Centro de Interpretaci\u00f3n Illas Atl\u00e1nticas<\/strong> y\u00a0<\/span><span style=\"font-family: 'Times New Roman', serif;\">e<\/span>l <strong>Centro Arqueol\u00f3gico\u00a0Salinae<\/strong>. Tras la comida en el N\u00e1utico por la tarde se visit\u00f3\u00a0la\u00a0<strong>Exposici\u00f3n Vindel<\/strong>, que ten\u00eda lugar en el Museo del Mar. Gracias a la colaboraci\u00f3n del socio vigu\u00e9s <strong>Gonzalo Prado<\/strong> la excursi\u00f3n fue todo un \u00e9xito.<\/p>\n\n\t\t<style type=\"text\/css\">\n\t\t\t#gallery-1 {\n\t\t\t\tmargin: auto;\n\t\t\t}\n\t\t\t#gallery-1 .gallery-item {\n\t\t\t\tfloat: left;\n\t\t\t\tmargin-top: 10px;\n\t\t\t\ttext-align: center;\n\t\t\t\twidth: 50%;\n\t\t\t}\n\t\t\t#gallery-1 img {\n\t\t\t\tborder: 2px solid #cfcfcf;\n\t\t\t}\n\t\t\t#gallery-1 .gallery-caption {\n\t\t\t\tmargin-left: 0;\n\t\t\t}\n\t\t\t\/* see gallery_shortcode() in wp-includes\/media.php *\/\n\t\t<\/style>\n\t\t<div id='gallery-1' class='gallery galleryid-1095 gallery-columns-2 gallery-size-medium'><dl class='gallery-item'>\n\t\t\t<dt class='gallery-icon landscape'>\n\t\t\t\t<a href='https:\/\/www.estudioshistoricos.com\/?attachment_id=1096'><img loading=\"lazy\" decoding=\"async\" width=\"300\" height=\"169\" src=\"https:\/\/www.estudioshistoricos.com\/wp-content\/uploads\/2018\/02\/Centro_Arqueologico_Salinas-300x169.jpg\" class=\"attachment-medium size-medium\" alt=\"\" srcset=\"https:\/\/www.estudioshistoricos.com\/wp-content\/uploads\/2018\/02\/Centro_Arqueologico_Salinas-300x169.jpg 300w, https:\/\/www.estudioshistoricos.com\/wp-content\/uploads\/2018\/02\/Centro_Arqueologico_Salinas-768x432.jpg 768w, https:\/\/www.estudioshistoricos.com\/wp-content\/uploads\/2018\/02\/Centro_Arqueologico_Salinas-1024x576.jpg 1024w, https:\/\/www.estudioshistoricos.com\/wp-content\/uploads\/2018\/02\/Centro_Arqueologico_Salinas.jpg 1600w\" sizes=\"auto, (max-width: 300px) 100vw, 300px\" \/><\/a>\n\t\t\t<\/dt><\/dl><dl class='gallery-item'>\n\t\t\t<dt class='gallery-icon landscape'>\n\t\t\t\t<a href='https:\/\/www.estudioshistoricos.com\/?attachment_id=1097'><img loading=\"lazy\" decoding=\"async\" width=\"300\" height=\"169\" src=\"https:\/\/www.estudioshistoricos.com\/wp-content\/uploads\/2018\/02\/Museo_del_Mar_de-Vigo-300x169.jpg\" class=\"attachment-medium size-medium\" alt=\"\" srcset=\"https:\/\/www.estudioshistoricos.com\/wp-content\/uploads\/2018\/02\/Museo_del_Mar_de-Vigo-300x169.jpg 300w, https:\/\/www.estudioshistoricos.com\/wp-content\/uploads\/2018\/02\/Museo_del_Mar_de-Vigo-768x432.jpg 768w, https:\/\/www.estudioshistoricos.com\/wp-content\/uploads\/2018\/02\/Museo_del_Mar_de-Vigo-1024x576.jpg 1024w, https:\/\/www.estudioshistoricos.com\/wp-content\/uploads\/2018\/02\/Museo_del_Mar_de-Vigo.jpg 1600w\" sizes=\"auto, (max-width: 300px) 100vw, 300px\" \/><\/a>\n\t\t\t<\/dt><\/dl><br style=\"clear: both\" \/>\n\t\t<\/div>\n\n","protected":false},"excerpt":{"rendered":"<p>El 24 de febrero tuvo lugar la excursi\u00f3n a Vigo de una numerosa representaci\u00f3n de socios y amigos de nuestra Asociaci\u00f3n. Por la ma\u00f1ana se visit\u00f3 de la mano de un gu\u00eda el Centro de Interpretaci\u00f3n Illas Atl\u00e1nticas y\u00a0el Centro Arqueol\u00f3gico\u00a0Salinae. Tras la comida en el N\u00e1utico por la tarde se visit\u00f3\u00a0la\u00a0Exposici\u00f3n Vindel, que ten\u00eda &hellip; <a href=\"https:\/\/www.estudioshistoricos.com\/?p=1095\">Continue reading <span class=\"meta-nav\">&rarr;<\/span><\/a><\/p>\n","protected":false},"author":1,"featured_media":0,"comment_status":"closed","ping_status":"closed","sticky":false,"template":"","format":"standard","meta":{"footnotes":""},"categories":[3,2],"tags":[],"class_list":["post-1095","post","type-post","status-publish","format-standard","hentry","category-actividades","category-noticias"],"_links":{"self":[{"href":"https:\/\/www.estudioshistoricos.com\/index.php?rest_route=\/wp\/v2\/posts\/1095","targetHints":{"allow":["GET"]}}],"collection":[{"href":"https:\/\/www.estudioshistoricos.com\/index.php?rest_route=\/wp\/v2\/posts"}],"about":[{"href":"https:\/\/www.estudioshistoricos.com\/index.php?rest_route=\/wp\/v2\/types\/post"}],"author":[{"embeddable":true,"href":"https:\/\/www.estudioshistoricos.com\/index.php?rest_route=\/wp\/v2\/users\/1"}],"replies":[{"embeddable":true,"href":"https:\/\/www.estudioshistoricos.com\/index.php?rest_route=%2Fwp%2Fv2%2Fcomments&post=1095"}],"version-history":[{"count":3,"href":"https:\/\/www.estudioshistoricos.com\/index.php?rest_route=\/wp\/v2\/posts\/1095\/revisions"}],"predecessor-version":[{"id":1100,"href":"https:\/\/www.estudioshistoricos.com\/index.php?rest_route=\/wp\/v2\/posts\/1095\/revisions\/1100"}],"wp:attachment":[{"href":"https:\/\/www.estudioshistoricos.com\/index.php?rest_route=%2Fwp%2Fv2%2Fmedia&parent=1095"}],"wp:term":[{"taxonomy":"category","embeddable":true,"href":"https:\/\/www.estudioshistoricos.com\/index.php?rest_route=%2Fwp%2Fv2%2Fcategories&post=1095"},{"taxonomy":"post_tag","embeddable":true,"href":"https:\/\/www.estudioshistoricos.com\/index.php?rest_route=%2Fwp%2Fv2%2Ftags&post=1095"}],"curies":[{"name":"wp","href":"https:\/\/api.w.org\/{rel}","templated":true}]}}