{"id":1088,"date":"2018-01-31T07:10:17","date_gmt":"2018-01-31T07:10:17","guid":{"rendered":"http:\/\/www.estudioshistoricos.com\/?p=1088"},"modified":"2018-01-31T07:11:22","modified_gmt":"2018-01-31T07:11:22","slug":"antonio-sanjuan-y-el-lehendakari-aguirre","status":"publish","type":"post","link":"https:\/\/www.estudioshistoricos.com\/?p=1088","title":{"rendered":"Antonio Sanju\u00e1n y el lehendakari Aguirre"},"content":{"rendered":"<p>Nuestro asociado <a href=\"http:\/\/www.estudioshistoricos.com\/?page_id=1083\">Jos\u00e9 Mar\u00eda L\u00f3pez-Dafonte Sanju\u00e1n<\/a> nos envia su art\u00edculo: <strong>&#8220;Antonio Sanju\u00e1n y el lehendakari Aguirre&#8221;<\/strong>, ahora disponible en la web para su descarga.<\/p>\n<i class=\"fa fa-arrow-circle-o-down \" ><\/i>\u00a0<a href=\"http:\/\/www.estudioshistoricos.com\/wp-content\/uploads\/2018\/01\/lehendakari_aguirre.pdf\">Antonio Sanju\u00e1n y el lehendakari Aguirre<\/a><\/p>\n","protected":false},"excerpt":{"rendered":"<p>Nuestro asociado Jos\u00e9 Mar\u00eda L\u00f3pez-Dafonte Sanju\u00e1n nos envia su art\u00edculo: &#8220;Antonio Sanju\u00e1n y el lehendakari Aguirre&#8221;, ahora disponible en la web para su descarga. \u00a0Antonio Sanju\u00e1n y el lehendakari Aguirre<\/p>\n","protected":false},"author":1,"featured_media":0,"comment_status":"closed","ping_status":"closed","sticky":false,"template":"","format":"standard","meta":{"footnotes":""},"categories":[2],"tags":[],"class_list":["post-1088","post","type-post","status-publish","format-standard","hentry","category-noticias"],"_links":{"self":[{"href":"https:\/\/www.estudioshistoricos.com\/index.php?rest_route=\/wp\/v2\/posts\/1088","targetHints":{"allow":["GET"]}}],"collection":[{"href":"https:\/\/www.estudioshistoricos.com\/index.php?rest_route=\/wp\/v2\/posts"}],"about":[{"href":"https:\/\/www.estudioshistoricos.com\/index.php?rest_route=\/wp\/v2\/types\/post"}],"author":[{"embeddable":true,"href":"https:\/\/www.estudioshistoricos.com\/index.php?rest_route=\/wp\/v2\/users\/1"}],"replies":[{"embeddable":true,"href":"https:\/\/www.estudioshistoricos.com\/index.php?rest_route=%2Fwp%2Fv2%2Fcomments&post=1088"}],"version-history":[{"count":2,"href":"https:\/\/www.estudioshistoricos.com\/index.php?rest_route=\/wp\/v2\/posts\/1088\/revisions"}],"predecessor-version":[{"id":1090,"href":"https:\/\/www.estudioshistoricos.com\/index.php?rest_route=\/wp\/v2\/posts\/1088\/revisions\/1090"}],"wp:attachment":[{"href":"https:\/\/www.estudioshistoricos.com\/index.php?rest_route=%2Fwp%2Fv2%2Fmedia&parent=1088"}],"wp:term":[{"taxonomy":"category","embeddable":true,"href":"https:\/\/www.estudioshistoricos.com\/index.php?rest_route=%2Fwp%2Fv2%2Fcategories&post=1088"},{"taxonomy":"post_tag","embeddable":true,"href":"https:\/\/www.estudioshistoricos.com\/index.php?rest_route=%2Fwp%2Fv2%2Ftags&post=1088"}],"curies":[{"name":"wp","href":"https:\/\/api.w.org\/{rel}","templated":true}]}}