{"id":1052,"date":"2017-12-14T16:10:59","date_gmt":"2017-12-14T16:10:59","guid":{"rendered":"http:\/\/www.estudioshistoricos.com\/?p=1052"},"modified":"2017-12-14T16:13:07","modified_gmt":"2017-12-14T16:13:07","slug":"1052","status":"publish","type":"post","link":"https:\/\/www.estudioshistoricos.com\/?p=1052","title":{"rendered":"S. Pedro F\u00e9lix de Villamar\u00edn, una feligres\u00eda de la Tierra de Lemos, a la luz del Catastro de Ensenada"},"content":{"rendered":"<p><a href=\"http:\/\/www.estudioshistoricos.com\/?page_id=627\">Rosa Mar\u00eda Gunti\u00f1as Rodr\u00edguez<\/a>, miembro de nuestra asociaci\u00f3n, \u00a0publica en nuestra web el trabajo: &#8220;S. Pedro F\u00e9lix de Villamar\u00edn, una feligres\u00eda de la Tierra de Lemos, a la luz del Catastro de Ensenada&#8221;.<\/p>\n<i class=\"fa fa-arrow-circle-o-down \" ><\/i>\u00a0<a href=\"http:\/\/www.estudioshistoricos.com\/wp-content\/uploads\/2017\/12\/villamarin.pdf\" target=\"_blank\" rel=\"noopener\">S. Pedro F\u00e9lix de Villamar\u00edn, una feligres\u00eda de la Tierra de Lemos, a la luz del Catastro de Ensenada<\/a><\/p>\n","protected":false},"excerpt":{"rendered":"<p>Rosa Mar\u00eda Gunti\u00f1as Rodr\u00edguez, miembro de nuestra asociaci\u00f3n, \u00a0publica en nuestra web el trabajo: &#8220;S. Pedro F\u00e9lix de Villamar\u00edn, una feligres\u00eda de la Tierra de Lemos, a la luz del Catastro de Ensenada&#8221;. \u00a0S. Pedro F\u00e9lix de Villamar\u00edn, una feligres\u00eda de la Tierra de Lemos, a la luz del Catastro de Ensenada<\/p>\n","protected":false},"author":1,"featured_media":1053,"comment_status":"closed","ping_status":"closed","sticky":false,"template":"","format":"standard","meta":{"footnotes":""},"categories":[2],"tags":[],"class_list":["post-1052","post","type-post","status-publish","format-standard","has-post-thumbnail","hentry","category-noticias"],"_links":{"self":[{"href":"https:\/\/www.estudioshistoricos.com\/index.php?rest_route=\/wp\/v2\/posts\/1052","targetHints":{"allow":["GET"]}}],"collection":[{"href":"https:\/\/www.estudioshistoricos.com\/index.php?rest_route=\/wp\/v2\/posts"}],"about":[{"href":"https:\/\/www.estudioshistoricos.com\/index.php?rest_route=\/wp\/v2\/types\/post"}],"author":[{"embeddable":true,"href":"https:\/\/www.estudioshistoricos.com\/index.php?rest_route=\/wp\/v2\/users\/1"}],"replies":[{"embeddable":true,"href":"https:\/\/www.estudioshistoricos.com\/index.php?rest_route=%2Fwp%2Fv2%2Fcomments&post=1052"}],"version-history":[{"count":3,"href":"https:\/\/www.estudioshistoricos.com\/index.php?rest_route=\/wp\/v2\/posts\/1052\/revisions"}],"predecessor-version":[{"id":1056,"href":"https:\/\/www.estudioshistoricos.com\/index.php?rest_route=\/wp\/v2\/posts\/1052\/revisions\/1056"}],"wp:featuredmedia":[{"embeddable":true,"href":"https:\/\/www.estudioshistoricos.com\/index.php?rest_route=\/wp\/v2\/media\/1053"}],"wp:attachment":[{"href":"https:\/\/www.estudioshistoricos.com\/index.php?rest_route=%2Fwp%2Fv2%2Fmedia&parent=1052"}],"wp:term":[{"taxonomy":"category","embeddable":true,"href":"https:\/\/www.estudioshistoricos.com\/index.php?rest_route=%2Fwp%2Fv2%2Fcategories&post=1052"},{"taxonomy":"post_tag","embeddable":true,"href":"https:\/\/www.estudioshistoricos.com\/index.php?rest_route=%2Fwp%2Fv2%2Ftags&post=1052"}],"curies":[{"name":"wp","href":"https:\/\/api.w.org\/{rel}","templated":true}]}}