{"id":1013,"date":"2017-10-08T07:06:27","date_gmt":"2017-10-08T07:06:27","guid":{"rendered":"http:\/\/www.estudioshistoricos.com\/?p=1013"},"modified":"2017-10-08T07:08:37","modified_gmt":"2017-10-08T07:08:37","slug":"convocatoria-de-elecciones-para-la-junta-directiva","status":"publish","type":"post","link":"https:\/\/www.estudioshistoricos.com\/?p=1013","title":{"rendered":"Convocatoria de elecciones para la Junta Directiva"},"content":{"rendered":"<p>En la Junta de la Directiva celebrada el d\u00eda 4 de octubre de 2017 se ha determinado que:<\/p>\n<p>1.- La fecha de presentaci\u00f3n de candidaturas ser\u00e1 hasta el <strong>3 de noviembre<\/strong>.<br \/>\n2.- La fecha de votaci\u00f3n ser\u00e1 el <strong>22 de noviembre de 2017<\/strong> en el local de la Biblioteca de Estudios Locales de A Coru\u00f1a a las 20 h.<br \/>\n3.- La votaci\u00f3n ser\u00e1 <strong>presencial<\/strong>, si bien se puede delegar el voto.<br \/>\n4.- El impreso para delegaci\u00f3n de voto se enviar\u00e1 junto con la proclamaci\u00f3n de las candidaturas.<br \/>\n5.- Las candidaturas se enviar\u00e1n a: <a href=\"&#x6d;&#x61;&#105;lt&#x6f;&#x3a;&#119;&#101;b&#x6d;&#x61;&#115;&#116;e&#x72;&#x40;&#x65;&#115;tu&#x64;&#x69;&#111;&#115;h&#x69;&#x73;&#116;&#111;r&#x69;&#x63;&#111;&#115;&#46;&#x63;&#x6f;&#x6d;\"><em>webmaster&#64;estudioshistor&#105;&#99;&#111;&#115;&#46;&#99;&#111;&#109;<\/em><\/a><br \/>\n6.- Para mayor informaci\u00f3n se pueden dirigir a: <a href=\"&#109;&#x61;&#x69;&#108;&#x74;&#x6f;:&#x77;&#x65;b&#109;&#x61;s&#116;&#x65;r&#64;&#x65;s&#116;&#x75;d&#105;&#x6f;&#x73;&#104;&#x69;&#x73;&#116;&#x6f;&#x72;i&#x63;&#x6f;s&#46;&#x63;o&#109;\"><em>&#x77;&#x65;&#x62;&#x6d;&#x61;&#x73;&#116;&#101;&#114;&#64;estu&#x64;&#x69;&#x6f;&#x73;&#x68;&#x69;&#115;&#116;&#111;&#114;&#105;cos&#x2e;&#x63;&#x6f;&#x6d;<\/em><\/a>\u00a0o<em>\u00a0 \u00a0<\/em><a href=\"ma&#105;&#108;&#x74;&#x6f;&#x3a;&#x6a;os&#101;&#98;&#x65;&#x72;&#x74;&#x6f;lo&#64;&#101;&#115;&#x74;&#x75;&#x64;&#x69;os&#104;&#105;&#x73;&#x74;&#x6f;&#x72;ic&#111;&#115;&#x2e;&#x63;&#x6f;&#x6d;\"><em>&#x6a;&#111;&#x73;&#x65;&#98;&#x65;&#x72;&#116;&#x6f;&#x6c;&#111;&#x40;&#x65;s&#x74;&#x75;d&#x69;&#111;s&#x68;&#105;s&#x74;&#111;r&#x69;&#99;o&#x73;&#46;c&#x6f;&#109;<\/em><\/a><\/p>\n<p><a href=\"m&#97;&#x69;&#x6c;t&#111;&#58;&#x6a;&#x6f;s&#101;&#98;&#x65;&#x72;t&#111;&#x6c;&#x6f;&#x40;e&#115;&#x74;&#x75;d&#105;&#111;&#x73;&#x68;i&#115;&#116;&#x6f;&#x72;i&#99;&#x6f;&#x73;&#x2e;c&#111;&#x6d;\"><em><\/em><\/a><\/p>\n","protected":false},"excerpt":{"rendered":"<p>En la Junta de la Directiva celebrada el d\u00eda 4 de octubre de 2017 se ha determinado que: 1.- La fecha de presentaci\u00f3n de candidaturas ser\u00e1 hasta el 3 de noviembre. 2.- La fecha de votaci\u00f3n ser\u00e1 el 22 de noviembre de 2017 en el local de la Biblioteca de Estudios Locales de A Coru\u00f1a &hellip; <a href=\"https:\/\/www.estudioshistoricos.com\/?p=1013\">Continue reading <span class=\"meta-nav\">&rarr;<\/span><\/a><\/p>\n","protected":false},"author":1,"featured_media":1015,"comment_status":"closed","ping_status":"closed","sticky":false,"template":"","format":"standard","meta":{"footnotes":""},"categories":[2],"tags":[],"class_list":["post-1013","post","type-post","status-publish","format-standard","has-post-thumbnail","hentry","category-noticias"],"_links":{"self":[{"href":"https:\/\/www.estudioshistoricos.com\/index.php?rest_route=\/wp\/v2\/posts\/1013","targetHints":{"allow":["GET"]}}],"collection":[{"href":"https:\/\/www.estudioshistoricos.com\/index.php?rest_route=\/wp\/v2\/posts"}],"about":[{"href":"https:\/\/www.estudioshistoricos.com\/index.php?rest_route=\/wp\/v2\/types\/post"}],"author":[{"embeddable":true,"href":"https:\/\/www.estudioshistoricos.com\/index.php?rest_route=\/wp\/v2\/users\/1"}],"replies":[{"embeddable":true,"href":"https:\/\/www.estudioshistoricos.com\/index.php?rest_route=%2Fwp%2Fv2%2Fcomments&post=1013"}],"version-history":[{"count":4,"href":"https:\/\/www.estudioshistoricos.com\/index.php?rest_route=\/wp\/v2\/posts\/1013\/revisions"}],"predecessor-version":[{"id":1018,"href":"https:\/\/www.estudioshistoricos.com\/index.php?rest_route=\/wp\/v2\/posts\/1013\/revisions\/1018"}],"wp:featuredmedia":[{"embeddable":true,"href":"https:\/\/www.estudioshistoricos.com\/index.php?rest_route=\/wp\/v2\/media\/1015"}],"wp:attachment":[{"href":"https:\/\/www.estudioshistoricos.com\/index.php?rest_route=%2Fwp%2Fv2%2Fmedia&parent=1013"}],"wp:term":[{"taxonomy":"category","embeddable":true,"href":"https:\/\/www.estudioshistoricos.com\/index.php?rest_route=%2Fwp%2Fv2%2Fcategories&post=1013"},{"taxonomy":"post_tag","embeddable":true,"href":"https:\/\/www.estudioshistoricos.com\/index.php?rest_route=%2Fwp%2Fv2%2Ftags&post=1013"}],"curies":[{"name":"wp","href":"https:\/\/api.w.org\/{rel}","templated":true}]}}